{"id":220831,"date":"2025-08-06T14:25:19","date_gmt":"2025-08-06T17:25:19","guid":{"rendered":"https:\/\/corrientesdetarde.com\/?p=220831"},"modified":"2025-08-06T14:25:24","modified_gmt":"2025-08-06T17:25:24","slug":"tassano-constituimos-a-las-saps-en-elemento-clave-para-la-atencion-de-la-salud-en-la-ciudad","status":"publish","type":"post","link":"https:\/\/corrientesdetarde.com\/index.php\/bienestar-y-salud\/tassano-constituimos-a-las-saps-en-elemento-clave-para-la-atencion-de-la-salud-en-la-ciudad\/","title":{"rendered":"Tassano: \u201cConstituimos a las SAPS en elemento clave para la atenci\u00f3n de la salud en la ciudad\u201d"},"content":{"rendered":"\n<p><br><em>El intendente entreg\u00f3 equipamientos para las 37 Salas de Atenci\u00f3n Primaria de la Salud que funcionan en los distintos barrios capitalinos. Estuvo acompa\u00f1ado por el candidato a sucederlo por Vamos Corrientes, Claudio Polich, quien destac\u00f3 el trabajo mancomunado entre Municipio y Provincia para \u201clograr la excelencia en la atenci\u00f3n sanitaria\u201d.<\/em><\/p>\n\n\n\n<p>En la ma\u00f1ana de este mi\u00e9rcoles, el intendente Eduardo Tassano encabez\u00f3 una nueva entrega de equipamientos inform\u00e1ticos y mobiliarios para la red de 37 Salas de Atenci\u00f3n Primaria de la Salud (SAPS) que funcionan bajo la jurisdicci\u00f3n de la Municipalidad de la ciudad de Corrientes.<br>En la sede del Dispositivo Territorial Comunitario, ubicado en el barrio Independencia, se realiz\u00f3 el acto en que Tassano estuvo acompa\u00f1ado por el candidato a sucederlo por la alianza Vamos Corrientes, Claudio Polich.<br>En la ocasi\u00f3n, tambi\u00e9n se destac\u00f3 el trabajo mancomunado entre Municipio y Gobierno para lograr avances fundamentales en la atenci\u00f3n sanitaria en Corrientes.<br>En este sentido, recordaron que la gesti\u00f3n por dos per\u00edodos consecutivos de Tassano y su viceintendente, Emilio Lanari (quien hoy es tambi\u00e9n candidato a primer concejal), aplicaron una especial pol\u00edtica sanitaria para reforzar y ampliar la red de SAPS, aportando tambi\u00e9n modernizaci\u00f3n y nuevos y mejores servicios.<br>As\u00ed, se incorpor\u00f3 turnero web, Historia Cl\u00ednica Digital y el portal del paciente, posibilitando un tr\u00e1mite m\u00e1s \u00e1gil y r\u00e1pido para la ciudadan\u00eda. Adem\u00e1s de articular varios programas sanitarios con el Ministerio de Salud de la Provincia y dem\u00e1s \u00e1reas provinciales.<br>Al respecto, tambi\u00e9n se sum\u00f3 una importante inversi\u00f3n en infraestructura, con mejoras edilicias, edificios nuevos y m\u00e1s equipamiento.<\/p>\n\n\n\n<figure class=\"wp-block-embed is-type-video is-provider-youtube wp-block-embed-youtube wp-embed-aspect-16-9 wp-has-aspect-ratio\"><div class=\"wp-block-embed__wrapper\">\n<iframe loading=\"lazy\" title=\"Tassano: \u201cConstituimos a las SAPS en elemento clave para la atenci\u00f3n de la salud en la ciudad\u201d\" width=\"1110\" height=\"624\" src=\"https:\/\/www.youtube.com\/embed\/6TTpYCdnYwM?feature=oembed\" frameborder=\"0\" allow=\"accelerometer; autoplay; clipboard-write; encrypted-media; gyroscope; picture-in-picture; web-share\" referrerpolicy=\"strict-origin-when-cross-origin\" allowfullscreen><\/iframe>\n<\/div><\/figure>\n\n\n\n<p><br><br>RED CLAVE<br>\u201cLogramos constituir a las SAPS en elemento clave para la atenci\u00f3n de la salud en la ciudad\u201d, indic\u00f3 el intendente Eduardo Tassano en la jornada de entrega de equipamientos remarcando que la gesti\u00f3n apuntal\u00f3 el sector para el bienestar de los vecinos.<br>En dicho escenario, recalc\u00f3 que \u201ctenemos atenciones de primer nivel en los barrios\u201d y destac\u00f3 que el avance en la modernizaci\u00f3n de la atenci\u00f3n \u201ces fundamental porque vemos que el mayor porcentaje de atenci\u00f3n se da en las SAPS por su alto nivel de respuesta\u201d, aportando as\u00ed \u201ca la descentralizaci\u00f3n de los centros de salud m\u00e1s grandes\u201d.<br>\u201cC\u00f3mo medico se exactamente lo que significa estos avances sanitarios, no son medidas populistas. Hoy, la salud p\u00fablica de la ciudad se sustenta en gran parte en la atenci\u00f3n nen las salas municipales\u201d, concluy\u00f3.<br><br>ARTICULACI\u00d3N<br>En la oportunidad, el ministro de Obras P\u00fablicas, Claudio Polich destac\u00f3 la entrega de equipamiento a las SAPS subrayando la importancia de estos servicios como el primer c\u00edrculo de atenci\u00f3n de salud para los vecinos.<br>Adem\u00e1s, resalt\u00f3 que el personal de salud, como m\u00e9dicos y odont\u00f3logos, debe ser valorado y jerarquizado, ya que \u201csu labor es fundamental\u201d.<br>En ese sentido, el funcionario provincial y candidato a intendente hizo hincapi\u00e9 en el trabajo mancomunado entre Municipio y Gobierno para \u201clograr la excelencia en la atenci\u00f3n de salud\u201d.<br>Finalmente, subray\u00f3 que \u201ces esencial seguir por este camino para mejorar el sistema de salud en Corrientes\u201d.<br><br>MEJORAS<br>Por su parte, el secretario de Salud municipal, Rafael Corona indic\u00f3 que en la entrega favorece a las 37 salas sanitarias de la ciudad, en donde \u201ctrabajamos constantemente para darle respuesta a los vecinos en cada zona de la ciudad\u201d.<br>Asimismo, destac\u00f3 que contin\u00faan apuntalado los diferentes programas sanitarios que se aplican en las SAPS pensados para brindar mayor asistencia a los pacientes.<\/p>\n\n\n\n<figure class=\"wp-block-image size-large\"><img loading=\"lazy\" decoding=\"async\" width=\"1024\" height=\"682\" src=\"https:\/\/corrientesdetarde.com\/wp-content\/uploads\/2025\/08\/image-198-1024x682.png\" alt=\"\" class=\"wp-image-220844\" srcset=\"https:\/\/corrientesdetarde.com\/wp-content\/uploads\/2025\/08\/image-198-1024x682.png 1024w, https:\/\/corrientesdetarde.com\/wp-content\/uploads\/2025\/08\/image-198-300x200.png 300w, https:\/\/corrientesdetarde.com\/wp-content\/uploads\/2025\/08\/image-198-768x512.png 768w, https:\/\/corrientesdetarde.com\/wp-content\/uploads\/2025\/08\/image-198.png 1280w\" sizes=\"auto, (max-width: 1024px) 100vw, 1024px\" \/><\/figure>\n\n\n\n<p><br><br>APUESTA<br>En tanto, Gladis Vallejos Jara, coordinadora general de Promoci\u00f3n y Prevenci\u00f3n de la Salud resalt\u00f3 la importancia de contar con las SAPS en diferentes puntos estrat\u00e9gicos de la ciudad ya que \u201cson lugares que brindan atenci\u00f3n primaria en la salud con la mejor calidad posible para los vecinos\u201d. Y, a su vez, destac\u00f3 que \u201cesta entrega de equipamientos nos permite brindar un mejor servicio de la mano de la tecnolog\u00eda y con una avanzada modernizaci\u00f3n en todo el sistema\u201d.<\/p>\n","protected":false},"excerpt":{"rendered":"<p>El intendente entreg\u00f3 equipamientos para las 37 Salas de Atenci\u00f3n Primaria de la Salud que funcionan en los distintos barrios capitalinos. Estuvo acompa\u00f1ado por el candidato a sucederlo por Vamos&hellip; <\/p>\n","protected":false},"author":1,"featured_media":220843,"comment_status":"closed","ping_status":"open","sticky":false,"template":"","format":"standard","meta":{"footnotes":""},"categories":[16,17],"tags":[],"class_list":["post-220831","post","type-post","status-publish","format-standard","has-post-thumbnail","hentry","category-bienestar-y-salud","category-sociales"],"_links":{"self":[{"href":"https:\/\/corrientesdetarde.com\/index.php\/wp-json\/wp\/v2\/posts\/220831","targetHints":{"allow":["GET"]}}],"collection":[{"href":"https:\/\/corrientesdetarde.com\/index.php\/wp-json\/wp\/v2\/posts"}],"about":[{"href":"https:\/\/corrientesdetarde.com\/index.php\/wp-json\/wp\/v2\/types\/post"}],"author":[{"embeddable":true,"href":"https:\/\/corrientesdetarde.com\/index.php\/wp-json\/wp\/v2\/users\/1"}],"replies":[{"embeddable":true,"href":"https:\/\/corrientesdetarde.com\/index.php\/wp-json\/wp\/v2\/comments?post=220831"}],"version-history":[{"count":1,"href":"https:\/\/corrientesdetarde.com\/index.php\/wp-json\/wp\/v2\/posts\/220831\/revisions"}],"predecessor-version":[{"id":220845,"href":"https:\/\/corrientesdetarde.com\/index.php\/wp-json\/wp\/v2\/posts\/220831\/revisions\/220845"}],"wp:featuredmedia":[{"embeddable":true,"href":"https:\/\/corrientesdetarde.com\/index.php\/wp-json\/wp\/v2\/media\/220843"}],"wp:attachment":[{"href":"https:\/\/corrientesdetarde.com\/index.php\/wp-json\/wp\/v2\/media?parent=220831"}],"wp:term":[{"taxonomy":"category","embeddable":true,"href":"https:\/\/corrientesdetarde.com\/index.php\/wp-json\/wp\/v2\/categories?post=220831"},{"taxonomy":"post_tag","embeddable":true,"href":"https:\/\/corrientesdetarde.com\/index.php\/wp-json\/wp\/v2\/tags?post=220831"}],"curies":[{"name":"wp","href":"https:\/\/api.w.org\/{rel}","templated":true}]}}