{"id":220840,"date":"2025-08-06T14:42:30","date_gmt":"2025-08-06T17:42:30","guid":{"rendered":"https:\/\/corrientesdetarde.com\/?p=220840"},"modified":"2025-08-06T14:42:34","modified_gmt":"2025-08-06T17:42:34","slug":"el-predio-de-la-unidad-estara-rodeado-por-adoquines","status":"publish","type":"post","link":"https:\/\/corrientesdetarde.com\/index.php\/informacion-general\/el-predio-de-la-unidad-estara-rodeado-por-adoquines\/","title":{"rendered":"El predio de La Unidad estar\u00e1 rodeado por adoquines"},"content":{"rendered":"\n<p>Hasta el viernes 15, el tr\u00e1nsito por calle Padre Borgatti, entre Moreno y avenida 3 de Abril estar\u00e1 cortado por obras de adoquinamiento. Los trabajos forman parte de la restauraci\u00f3n de la zona que rodea a La Unidad, el nuevo museo y centro cultural de la ciudad de Corrientes.<\/p>\n\n\n\n<p><\/p>\n\n\n\n<p>Seg\u00fan la&nbsp;<a href=\"https:\/\/launidadcorrientes.com\/\" target=\"_blank\" rel=\"noreferrer noopener\"><strong>web de La Unidad<\/strong>&nbsp;<\/a>, el edificio fue construido a fines del siglo XIX por Juan Coll, arquitecto italiano. Con el transcurrir del tiempo, el hoy expenal fue perdiendo su estabilidad y capacidad de hacinamiento, por lo que los presos debieron ser trasladados en 2021 a un nuevo predio.&nbsp;<\/p>\n\n\n\n<p>&#8220;La Unidad ser\u00e1 un espacio \u00fanico donde convivir\u00e1n historia, ciencia, innovaci\u00f3n y resignificaci\u00f3n cultural&#8221;, explicaron oficialmente. Contar\u00e1 con varios espacios, tales como un Centro de Innovaci\u00f3n, un museo, un polo gastron\u00f3mico y comercial.<\/p>\n","protected":false},"excerpt":{"rendered":"<p>Hasta el viernes 15, el tr\u00e1nsito por calle Padre Borgatti, entre Moreno y avenida 3 de Abril estar\u00e1 cortado por obras de adoquinamiento. Los trabajos forman parte de la restauraci\u00f3n&hellip; <\/p>\n","protected":false},"author":1,"featured_media":220848,"comment_status":"closed","ping_status":"open","sticky":false,"template":"","format":"standard","meta":{"footnotes":""},"categories":[1],"tags":[],"class_list":["post-220840","post","type-post","status-publish","format-standard","has-post-thumbnail","hentry","category-informacion-general"],"_links":{"self":[{"href":"https:\/\/corrientesdetarde.com\/index.php\/wp-json\/wp\/v2\/posts\/220840","targetHints":{"allow":["GET"]}}],"collection":[{"href":"https:\/\/corrientesdetarde.com\/index.php\/wp-json\/wp\/v2\/posts"}],"about":[{"href":"https:\/\/corrientesdetarde.com\/index.php\/wp-json\/wp\/v2\/types\/post"}],"author":[{"embeddable":true,"href":"https:\/\/corrientesdetarde.com\/index.php\/wp-json\/wp\/v2\/users\/1"}],"replies":[{"embeddable":true,"href":"https:\/\/corrientesdetarde.com\/index.php\/wp-json\/wp\/v2\/comments?post=220840"}],"version-history":[{"count":1,"href":"https:\/\/corrientesdetarde.com\/index.php\/wp-json\/wp\/v2\/posts\/220840\/revisions"}],"predecessor-version":[{"id":220849,"href":"https:\/\/corrientesdetarde.com\/index.php\/wp-json\/wp\/v2\/posts\/220840\/revisions\/220849"}],"wp:featuredmedia":[{"embeddable":true,"href":"https:\/\/corrientesdetarde.com\/index.php\/wp-json\/wp\/v2\/media\/220848"}],"wp:attachment":[{"href":"https:\/\/corrientesdetarde.com\/index.php\/wp-json\/wp\/v2\/media?parent=220840"}],"wp:term":[{"taxonomy":"category","embeddable":true,"href":"https:\/\/corrientesdetarde.com\/index.php\/wp-json\/wp\/v2\/categories?post=220840"},{"taxonomy":"post_tag","embeddable":true,"href":"https:\/\/corrientesdetarde.com\/index.php\/wp-json\/wp\/v2\/tags?post=220840"}],"curies":[{"name":"wp","href":"https:\/\/api.w.org\/{rel}","templated":true}]}}