{"id":220853,"date":"2025-08-06T14:48:49","date_gmt":"2025-08-06T17:48:49","guid":{"rendered":"https:\/\/corrientesdetarde.com\/?p=220853"},"modified":"2025-08-06T14:49:00","modified_gmt":"2025-08-06T17:49:00","slug":"nacio-un-yaguarete-en-el-impenetrable-chaqueno","status":"publish","type":"post","link":"https:\/\/corrientesdetarde.com\/index.php\/informacion-general\/nacio-un-yaguarete-en-el-impenetrable-chaqueno\/","title":{"rendered":"Naci\u00f3 un yaguaret\u00e9 en el Impenetrable chaque\u00f1o"},"content":{"rendered":"\n<p>Un nuevo nacimiento de yaguaret\u00e9 fue confirmado en el Parque Nacional El Impenetrable, en la provincia del Chaco. Este es el primer registro de una cr\u00eda nacida en libertad desde la reintroducci\u00f3n de la especie en esta \u00e1rea protegida. Nal\u00e1, una hembra liberada en 2024 como parte del proyecto de reintroducci\u00f3n liderado por la Fundaci\u00f3n Rewilding Argentina, el Gobierno del Chaco y la Administraci\u00f3n de Parques Nacionales, fue fotografiada junto a su cr\u00eda a orillas del R\u00edo Bermejo por los gu\u00edas locales Pablo Luna y Dar\u00edo Soraire.<\/p>\n\n\n\n<p><\/p>\n\n\n\n<p>Desde la liberaci\u00f3n de Nal\u00e1 en agosto de 2024, los investigadores sospechaban que la hembra podr\u00eda haber tenido una cr\u00eda, a partir de los datos enviados por el collar de monitoreo que llevaba. Sin embargo, la confirmaci\u00f3n visual lleg\u00f3 solo con el avistaje directo de los gu\u00edas, quienes capturaron las primeras im\u00e1genes del momento.<\/p>\n\n\n\n<p>Este hallazgo es un avance en la restauraci\u00f3n ecol\u00f3gica del Chaco y refuerza los esfuerzos de reintroducci\u00f3n del yaguaret\u00e9 en el noreste argentino, que tambi\u00e9n ha dado resultados en otras regiones como los Esteros del Iber\u00e1, en Corrientes. La presencia de una hembra con su cr\u00eda en El Impenetrable es un hito para la especie, que sigue en peligro cr\u00edtico de extinci\u00f3n en el pa\u00eds.<\/p>\n\n\n\n<p>El proceso de reintroducci\u00f3n comenz\u00f3 en 2019, cuando se registr\u00f3 la presencia de Qaramta, un macho solitario en la regi\u00f3n. Desde entonces, se ha trabajado en la incorporaci\u00f3n de hembras para asegurar la supervivencia de la especie en la zona. La cr\u00eda observada tendr\u00eda alrededor de cinco meses.<\/p>\n","protected":false},"excerpt":{"rendered":"<p>Un nuevo nacimiento de yaguaret\u00e9 fue confirmado en el Parque Nacional El Impenetrable, en la provincia del Chaco. Este es el primer registro de una cr\u00eda nacida en libertad desde&hellip; <\/p>\n","protected":false},"author":1,"featured_media":220859,"comment_status":"closed","ping_status":"open","sticky":false,"template":"","format":"standard","meta":{"footnotes":""},"categories":[1],"tags":[],"class_list":["post-220853","post","type-post","status-publish","format-standard","has-post-thumbnail","hentry","category-informacion-general"],"_links":{"self":[{"href":"https:\/\/corrientesdetarde.com\/index.php\/wp-json\/wp\/v2\/posts\/220853","targetHints":{"allow":["GET"]}}],"collection":[{"href":"https:\/\/corrientesdetarde.com\/index.php\/wp-json\/wp\/v2\/posts"}],"about":[{"href":"https:\/\/corrientesdetarde.com\/index.php\/wp-json\/wp\/v2\/types\/post"}],"author":[{"embeddable":true,"href":"https:\/\/corrientesdetarde.com\/index.php\/wp-json\/wp\/v2\/users\/1"}],"replies":[{"embeddable":true,"href":"https:\/\/corrientesdetarde.com\/index.php\/wp-json\/wp\/v2\/comments?post=220853"}],"version-history":[{"count":1,"href":"https:\/\/corrientesdetarde.com\/index.php\/wp-json\/wp\/v2\/posts\/220853\/revisions"}],"predecessor-version":[{"id":220860,"href":"https:\/\/corrientesdetarde.com\/index.php\/wp-json\/wp\/v2\/posts\/220853\/revisions\/220860"}],"wp:featuredmedia":[{"embeddable":true,"href":"https:\/\/corrientesdetarde.com\/index.php\/wp-json\/wp\/v2\/media\/220859"}],"wp:attachment":[{"href":"https:\/\/corrientesdetarde.com\/index.php\/wp-json\/wp\/v2\/media?parent=220853"}],"wp:term":[{"taxonomy":"category","embeddable":true,"href":"https:\/\/corrientesdetarde.com\/index.php\/wp-json\/wp\/v2\/categories?post=220853"},{"taxonomy":"post_tag","embeddable":true,"href":"https:\/\/corrientesdetarde.com\/index.php\/wp-json\/wp\/v2\/tags?post=220853"}],"curies":[{"name":"wp","href":"https:\/\/api.w.org\/{rel}","templated":true}]}}