{"id":220869,"date":"2025-08-06T15:02:01","date_gmt":"2025-08-06T18:02:01","guid":{"rendered":"https:\/\/corrientesdetarde.com\/?p=220869"},"modified":"2025-08-06T15:02:05","modified_gmt":"2025-08-06T18:02:05","slug":"valdes-entrego-notebooks-del-programa-incluir-futuro-a-estudiantes-secundarios-de-goya","status":"publish","type":"post","link":"https:\/\/corrientesdetarde.com\/index.php\/actualidad\/valdes-entrego-notebooks-del-programa-incluir-futuro-a-estudiantes-secundarios-de-goya\/","title":{"rendered":"Vald\u00e9s entreg\u00f3 notebooks del programa Incluir Futuro a estudiantes secundarios de Goya"},"content":{"rendered":"\n<p>Con el objetivo de reducir la brecha digital y fortalecer la educaci\u00f3n p\u00fablica y gratuita de calidad en la provincia, el gobernador Gustavo Vald\u00e9s entreg\u00f3 este mi\u00e9rcoles m\u00e1s de mil notebooks del programa Incluir Futuro a alumnos de establecimientos secundarios de Goya. Durante el acto, realizado en el Colegio Torrent, el mandatario resalt\u00f3 la importancia de que los j\u00f3venes puedan acceder al conocimiento a trav\u00e9s de las nuevas tecnolog\u00edas, inteligencia artificial y la promoci\u00f3n de la educaci\u00f3n digital con vistas al futuro.<\/p>\n\n\n\n<p><\/p>\n\n\n\n<p>Mil veintinueve computadoras, exactamente, fueron entregadas al establecimiento anfitri\u00f3n, a la Escuela T\u00e9cnica &#8220;Arquitecto Francisco Pinaroli&#8221; y &nbsp;al Colegio secundario &#8220;Dr. L\u00f3pez Alvarado\u201d.<\/p>\n\n\n\n<p><strong>Acceso al conocimiento, a trav\u00e9s de las nuevas tecnolog\u00edas<\/strong><\/p>\n\n\n\n<p>\u201cEn pandemia la educaci\u00f3n p\u00fablica ten\u00eda falencias, por lo que el alumno no pod\u00eda estar presente junto al profesor en el aula, ah\u00ed nos dimos cuenta la labor que hace el docente y que necesit\u00e1bamos un sistema digital, y &nbsp;a partir de ah\u00ed implementamos el programa Incluir Futuro\u201d, record\u00f3 el gobernador, al iniciar su alocuci\u00f3n.<\/p>\n\n\n\n<p>El mandatario dio cuenta que este programa implica contar \u2013principalmente- con contenidos digitales, los cuales se encuentran a trav\u00e9s de la plataforma did\u00e1ctica de EducaPlay.<\/p>\n\n\n\n<p>En otro orden de temas, el mismo detall\u00f3 que \u201choy tenemos entregadas en Goya, 7500 notebooks, y antes que termine agosto vamos a lograr que todos los chicos de la secundaria, en la ciudad, tengan una computadora y accedan al contenido digital\u201d.<\/p>\n\n\n\n<p>Por otra parte, Vald\u00e9s sostuvo que \u201cla Inteligencia artificial est\u00e1 revolucionando el mundo, y la escuela p\u00fablica nos tiene que preparar para el futuro que se viene\u201d, a\u00f1adiendo que \u201cla labor de nuestros docentes es irremplazable, porque nos dan la fuerza y la gu\u00eda de siempre\u201d.<\/p>\n\n\n\n<p>Finalizando, el mandatario celebr\u00f3 la concreci\u00f3n de una nueva entrega de estos dispositivos e invit\u00f3 a los presentes \u201ca seguir construyendo futuro\u201d, a trav\u00e9s del programa provincial. \u00a0<\/p>\n\n\n\n<figure class=\"wp-block-image size-large\"><img loading=\"lazy\" decoding=\"async\" width=\"1024\" height=\"755\" src=\"https:\/\/corrientesdetarde.com\/wp-content\/uploads\/2025\/08\/image-213-1024x755.png\" alt=\"\" class=\"wp-image-220876\" srcset=\"https:\/\/corrientesdetarde.com\/wp-content\/uploads\/2025\/08\/image-213-1024x755.png 1024w, https:\/\/corrientesdetarde.com\/wp-content\/uploads\/2025\/08\/image-213-300x221.png 300w, https:\/\/corrientesdetarde.com\/wp-content\/uploads\/2025\/08\/image-213-768x566.png 768w, https:\/\/corrientesdetarde.com\/wp-content\/uploads\/2025\/08\/image-213.png 1121w\" sizes=\"auto, (max-width: 1024px) 100vw, 1024px\" \/><\/figure>\n\n\n\n<p><strong>Inclusi\u00f3n y desarrollo<\/strong><\/p>\n\n\n\n<p>A su turno, el intendente de Goya, Mariano Hormaechea, puso de relieve que la \u201ceducaci\u00f3n p\u00fablica es central para que la ciudad siga creciendo\u201d, teniendo como ejes \u201cla inclusi\u00f3n y el desarrollo\u201d.<\/p>\n\n\n\n<p>\u201cTrabajamos codo a codo con el Gobierno Provincial y la comunidad educativa, mirando hacia al futuro\u201d, enfatiz\u00f3 el jefe comunal, que valor\u00f3 la adquisici\u00f3n por parte de la Provincia de un edificio en Goya que va a ser destinado a \u201ctraer una universidad p\u00fablica, lo que representa un enorme desaf\u00edo\u201d.<\/p>\n\n\n\n<p>Luego, Hormaechea resalt\u00f3 que con el apoyo del gobernador Gustavo Vald\u00e9s, \u201capostamos a esta revoluci\u00f3n tecnol\u00f3gica por medio de Incluir Futuro para lograr que los estudiantes tengan una verdadera inclusi\u00f3n\u201d y para cerrar, anhel\u00f3 mantener el trabajo en conjunto en busca de una educaci\u00f3n p\u00fablica de excelencia.<\/p>\n\n\n\n<p><strong>Iniciativa que revoluciona el nivel secundario<\/strong><\/p>\n\n\n\n<p>\u201cEs muy importante estar en Goya entregando estos dispositivos que van a cambiar el futuro de nuestros estudiantes\u201d, manifest\u00f3 sin dudar la ministra de Educaci\u00f3n, Pr\u00e1xedes L\u00f3pez, al dirigirse a los presentes en el acto, destacando que se trata de una pol\u00edtica educativa que fue iniciativa del gobernador Vald\u00e9s, siendo la \u201cm\u00e1s potente revolucionaria del nivel secundario\u201d.<\/p>\n\n\n\n<p>Seguidamente, la ministra subray\u00f3 que con el compromiso de nuestros docentes y junto a la Subsecretar\u00eda de Contenidos Audiovisuales que genera las plataformas Corrientes Play y Educa Play, \u201cestamos transformando la educaci\u00f3n secundaria\u201d y ofreci\u00f3 un mensaje a los \u201cqueridos alumnos\u201d inst\u00e1ndolos a trabajar por ese futuro que \u201clo tienen en las manos y a que&nbsp; \u201csue\u00f1en en grande\u201d, que desde el desde el Gobierno de la Provincia se les va a otorgar las herramientas necesarias.<\/p>\n\n\n\n<p>Para culminar, Pr\u00e1xedes L\u00f3pez abog\u00f3 por \u201cseguir construyendo m\u00e1s y mejor educaci\u00f3n p\u00fablica\u201d.<\/p>\n\n\n\n<p><strong>Detalles de la entrega<\/strong><\/p>\n\n\n\n<p>Los establecimientos beneficiados fueron: la Escuela T\u00e9cnica &#8220;Arquitecto Francisco Pinaroli&#8221; \u2013primero, segundo, sexto y s\u00e9ptimo a\u00f1o-, con 423 notebooks; y los colegios \u201cDr. Juan E. Torrent\u201d y &#8220;Dr. L\u00f3pez Alvarado, con 347 y 259, respectivamente, en primero y segundo a\u00f1o.<\/p>\n\n\n\n<p><strong>Presencias<\/strong><\/p>\n\n\n\n<p>Durante la jornada, acompa\u00f1aron a las mencionadas autoridades, ministros del Poder Ejecutivo, dem\u00e1s funcionarios provinciales y municipales; &nbsp;legisladores; concejales; el director general de Educaci\u00f3n Secundaria, Sergio Guti\u00e9rrez; el rector del Colegio \u201cDr. Juan E. Torrent\u201d, Fabi\u00e1n Cedrola, sus pares de los dem\u00e1s establecimientos; e intendentes de distintas localidades.<\/p>\n","protected":false},"excerpt":{"rendered":"<p>Con el objetivo de reducir la brecha digital y fortalecer la educaci\u00f3n p\u00fablica y gratuita de calidad en la provincia, el gobernador Gustavo Vald\u00e9s entreg\u00f3 este mi\u00e9rcoles m\u00e1s de mil&hellip; <\/p>\n","protected":false},"author":1,"featured_media":220875,"comment_status":"closed","ping_status":"open","sticky":false,"template":"","format":"standard","meta":{"footnotes":""},"categories":[23],"tags":[],"class_list":["post-220869","post","type-post","status-publish","format-standard","has-post-thumbnail","hentry","category-actualidad"],"_links":{"self":[{"href":"https:\/\/corrientesdetarde.com\/index.php\/wp-json\/wp\/v2\/posts\/220869","targetHints":{"allow":["GET"]}}],"collection":[{"href":"https:\/\/corrientesdetarde.com\/index.php\/wp-json\/wp\/v2\/posts"}],"about":[{"href":"https:\/\/corrientesdetarde.com\/index.php\/wp-json\/wp\/v2\/types\/post"}],"author":[{"embeddable":true,"href":"https:\/\/corrientesdetarde.com\/index.php\/wp-json\/wp\/v2\/users\/1"}],"replies":[{"embeddable":true,"href":"https:\/\/corrientesdetarde.com\/index.php\/wp-json\/wp\/v2\/comments?post=220869"}],"version-history":[{"count":1,"href":"https:\/\/corrientesdetarde.com\/index.php\/wp-json\/wp\/v2\/posts\/220869\/revisions"}],"predecessor-version":[{"id":220877,"href":"https:\/\/corrientesdetarde.com\/index.php\/wp-json\/wp\/v2\/posts\/220869\/revisions\/220877"}],"wp:featuredmedia":[{"embeddable":true,"href":"https:\/\/corrientesdetarde.com\/index.php\/wp-json\/wp\/v2\/media\/220875"}],"wp:attachment":[{"href":"https:\/\/corrientesdetarde.com\/index.php\/wp-json\/wp\/v2\/media?parent=220869"}],"wp:term":[{"taxonomy":"category","embeddable":true,"href":"https:\/\/corrientesdetarde.com\/index.php\/wp-json\/wp\/v2\/categories?post=220869"},{"taxonomy":"post_tag","embeddable":true,"href":"https:\/\/corrientesdetarde.com\/index.php\/wp-json\/wp\/v2\/tags?post=220869"}],"curies":[{"name":"wp","href":"https:\/\/api.w.org\/{rel}","templated":true}]}}