{"id":220874,"date":"2025-08-06T15:03:39","date_gmt":"2025-08-06T18:03:39","guid":{"rendered":"https:\/\/corrientesdetarde.com\/?p=220874"},"modified":"2025-08-06T15:03:50","modified_gmt":"2025-08-06T18:03:50","slug":"otra-vez-cayo-el-brian-de-la-olla","status":"publish","type":"post","link":"https:\/\/corrientesdetarde.com\/index.php\/informacion-general\/otra-vez-cayo-el-brian-de-la-olla\/","title":{"rendered":"Otra vez cay\u00f3 &#8220;el Brian de La Olla&#8221;"},"content":{"rendered":"\n<p>El delito damnific\u00f3 a un emprendedor cuyo local funciona en avenida Arturo Frondizi.<\/p>\n\n\n\n<p>De acuerdo a una denuncia en la que tom\u00f3 parte la comisar\u00eda seccional Vigesimoprimera, c\u00e1maras de seguridad captaron a Brian Leonel R., de 20 a\u00f1os, durante el il\u00edcito.<\/p>\n\n\n\n<p>En una r\u00e1pida respuesta, efectivos de la mencionada dependencia comenzaron la b\u00fasqueda del malviviente hasta dar con su paradero y, a la vez, recuperar un pantal\u00f3n y una campera.<\/p>\n\n\n\n<p>Las prendas de vestir fueron posteriormente reconocidas por el comerciante como las sustra\u00eddas de su negocio.<\/p>\n\n\n\n<p>Personal de Investigaciones de la seccional Vigesimoprimera sorprendieron al joven malviviente en cercan\u00edas a su domicilio, un pasillo que sale a la avenida Frondizi al 4100, frente al Jard\u00edn Bot\u00e1nico.<\/p>\n\n\n\n<p>En el m\u00f3vil 701 trabajaron con recorridas en amplio sector del barrio Parque Ingeniero Serantes, conocido popularmente como &#8220;La Olla&#8221;.<\/p>\n\n\n\n<p>Brian result\u00f3 sorprendido sin tiempo a darse a la fuga.<\/p>\n\n\n\n<p>A pesar de su corta edad, Brian, o m\u00e1s conocido como &#8220;Brian de La Olla&#8221;, protagoniz\u00f3 reiterados il\u00edcitos siempre en sectores cercanos a su vivienda.<\/p>\n\n\n\n<p>A lo largo de los \u00faltimos cinco a\u00f1os result\u00f3 detenido por lesiones, agresi\u00f3n, amenazas con arma, resistencia a la autoridad, hurtos y robo calificado.<\/p>\n","protected":false},"excerpt":{"rendered":"<p>El delito damnific\u00f3 a un emprendedor cuyo local funciona en avenida Arturo Frondizi. De acuerdo a una denuncia en la que tom\u00f3 parte la comisar\u00eda seccional Vigesimoprimera, c\u00e1maras de seguridad&hellip; <\/p>\n","protected":false},"author":1,"featured_media":220879,"comment_status":"closed","ping_status":"open","sticky":false,"template":"","format":"standard","meta":{"footnotes":""},"categories":[1],"tags":[],"class_list":["post-220874","post","type-post","status-publish","format-standard","has-post-thumbnail","hentry","category-informacion-general"],"_links":{"self":[{"href":"https:\/\/corrientesdetarde.com\/index.php\/wp-json\/wp\/v2\/posts\/220874","targetHints":{"allow":["GET"]}}],"collection":[{"href":"https:\/\/corrientesdetarde.com\/index.php\/wp-json\/wp\/v2\/posts"}],"about":[{"href":"https:\/\/corrientesdetarde.com\/index.php\/wp-json\/wp\/v2\/types\/post"}],"author":[{"embeddable":true,"href":"https:\/\/corrientesdetarde.com\/index.php\/wp-json\/wp\/v2\/users\/1"}],"replies":[{"embeddable":true,"href":"https:\/\/corrientesdetarde.com\/index.php\/wp-json\/wp\/v2\/comments?post=220874"}],"version-history":[{"count":1,"href":"https:\/\/corrientesdetarde.com\/index.php\/wp-json\/wp\/v2\/posts\/220874\/revisions"}],"predecessor-version":[{"id":220880,"href":"https:\/\/corrientesdetarde.com\/index.php\/wp-json\/wp\/v2\/posts\/220874\/revisions\/220880"}],"wp:featuredmedia":[{"embeddable":true,"href":"https:\/\/corrientesdetarde.com\/index.php\/wp-json\/wp\/v2\/media\/220879"}],"wp:attachment":[{"href":"https:\/\/corrientesdetarde.com\/index.php\/wp-json\/wp\/v2\/media?parent=220874"}],"wp:term":[{"taxonomy":"category","embeddable":true,"href":"https:\/\/corrientesdetarde.com\/index.php\/wp-json\/wp\/v2\/categories?post=220874"},{"taxonomy":"post_tag","embeddable":true,"href":"https:\/\/corrientesdetarde.com\/index.php\/wp-json\/wp\/v2\/tags?post=220874"}],"curies":[{"name":"wp","href":"https:\/\/api.w.org\/{rel}","templated":true}]}}