{"id":220881,"date":"2025-08-06T15:40:52","date_gmt":"2025-08-06T18:40:52","guid":{"rendered":"https:\/\/corrientesdetarde.com\/?p=220881"},"modified":"2025-08-06T15:40:53","modified_gmt":"2025-08-06T18:40:53","slug":"hermanos-del-vera-el-lunes-11-el-centro-cultural-ituzaingo-renace","status":"publish","type":"post","link":"https:\/\/corrientesdetarde.com\/index.php\/informacion-general\/hermanos-del-vera-el-lunes-11-el-centro-cultural-ituzaingo-renace\/","title":{"rendered":"Hermanos del Vera: el lunes 11 el \u201cCentro Cultural Ituzaing\u00f3 Renace\u201d"},"content":{"rendered":"\n<p>El programa de refacci\u00f3n y puesta en valor de salas y teatros del interior de Corrientes ideado por el Teatro Oficial Juan de Vera con apoyo del Gobierno de la provincia finaliz\u00f3 en la localidad de Ituzaing\u00f3, que ver\u00e1 el Centro Cultural reabrir sus puertas, el lunes 11 \u00a0desde las 19.30. con un acto protocolar y gran puesta esc\u00e9nica con artistas locales e invitados especiales.<\/p>\n\n\n\n<p><\/p>\n\n\n\n<p>El programa \u201cHermanos del Vera\u201d, ejecutado por el Gobierno de la provincia, tiene por objetivo ofrecer refacciones y equipamiento para la puesta en valor de los espacios culturales del interior provincial, propiciando mejoras en dichos espacios a fines de seguir promoviendo la circulaci\u00f3n de contenidos culturales de la comunidad en cada localidad.<\/p>\n\n\n\n<p>El programa se puso en marcha en 2024 mediante una etapa de relevamiento, y a inicios de este a\u00f1o, firma de convenio mediante con los intendentes de cada localidad, comenzaron las obras de refacci\u00f3n en el Teatro Cervantes de Curuz\u00fa Cuati\u00e1, la Sociedad Italiana de Esquina, y el Centro Cultural de Ituzaing\u00f3.<\/p>\n\n\n\n<p>En paralelo a las mejoras ediliceas, el Teatro Oficial Juan de Vera tras su modernizaci\u00f3n, mediante coordinaci\u00f3n desde la Direcci\u00f3n T\u00e9cnica a cargo de Marta Vizcaino, don\u00f3 a las salas incluidas en el programa, gran parte de la escenot\u00e9cnica del coliseo correntino, como luminarias, consolas de sonido y otros artefactos.<\/p>\n\n\n\n<p>Para culminar la obras y celebrar la reapertura del espacio por autonomasia de la cultura ituzaingue\u00f1a, se realizar\u00e1 el lunes 11 un acto protocolar frente a sus puertas y la puesta en escena de la obra \u201cCentro Cultural Ituzaing\u00f3 Renace\u201d, con direcci\u00f3n de Mar\u00eda Laura Cattalini y Edu Gondell, y la participaci\u00f3n de artistas locales, como Malena Pinto, Mauro Bonamino, el ballet Borgo e invitados especiales.<\/p>\n\n\n\n<p><strong>Centro Cultural Ituzaing\u00f3: las obras<\/strong><\/p>\n\n\n\n<p>Edificado por la EBY, el Centro Cultural de Ituzaing\u00f3 fue refaccionado y &nbsp;puesto en valor a trav\u00e9s de diversas obras para su uso para artes esc\u00e9nicas y cine. Se intervinieron los camarines contiguos al escenario, con trabajos de carpinter\u00eda, dividiendo los camarines de los ba\u00f1os conexos. En los camarines se colocaron vitrinas iluminadas alrededor de los espejos para artistas, adem\u00e1s de realizarse reparaciones de carpinter\u00eda y pintura.<\/p>\n\n\n\n<p>Los ba\u00f1os tuvieron cambios en los revestimientos por otros m\u00e1s modernos, adem\u00e1s de reemplazarse los sanitarios y la colocaci\u00f3n de cielorrasos.<\/p>\n\n\n\n<p>El piso del escenario fue reparado a nuevo mediante una adici\u00f3n de plataformas de maderas. Tambi\u00e9n se reemplazaron los telones por nuevos entelados. Se colocaron reflectores para escenario y se repararon las butacas del auditorio. En el acceso al sal\u00f3n auditorio del Centro Cultural los sanitarios fueron reparados a nuevo, con cambios en los revestimientos y artefactos.<\/p>\n","protected":false},"excerpt":{"rendered":"<p>El programa de refacci\u00f3n y puesta en valor de salas y teatros del interior de Corrientes ideado por el Teatro Oficial Juan de Vera con apoyo del Gobierno de la&hellip; <\/p>\n","protected":false},"author":1,"featured_media":220889,"comment_status":"closed","ping_status":"open","sticky":false,"template":"","format":"standard","meta":{"footnotes":""},"categories":[1],"tags":[],"class_list":["post-220881","post","type-post","status-publish","format-standard","has-post-thumbnail","hentry","category-informacion-general"],"_links":{"self":[{"href":"https:\/\/corrientesdetarde.com\/index.php\/wp-json\/wp\/v2\/posts\/220881","targetHints":{"allow":["GET"]}}],"collection":[{"href":"https:\/\/corrientesdetarde.com\/index.php\/wp-json\/wp\/v2\/posts"}],"about":[{"href":"https:\/\/corrientesdetarde.com\/index.php\/wp-json\/wp\/v2\/types\/post"}],"author":[{"embeddable":true,"href":"https:\/\/corrientesdetarde.com\/index.php\/wp-json\/wp\/v2\/users\/1"}],"replies":[{"embeddable":true,"href":"https:\/\/corrientesdetarde.com\/index.php\/wp-json\/wp\/v2\/comments?post=220881"}],"version-history":[{"count":1,"href":"https:\/\/corrientesdetarde.com\/index.php\/wp-json\/wp\/v2\/posts\/220881\/revisions"}],"predecessor-version":[{"id":220890,"href":"https:\/\/corrientesdetarde.com\/index.php\/wp-json\/wp\/v2\/posts\/220881\/revisions\/220890"}],"wp:featuredmedia":[{"embeddable":true,"href":"https:\/\/corrientesdetarde.com\/index.php\/wp-json\/wp\/v2\/media\/220889"}],"wp:attachment":[{"href":"https:\/\/corrientesdetarde.com\/index.php\/wp-json\/wp\/v2\/media?parent=220881"}],"wp:term":[{"taxonomy":"category","embeddable":true,"href":"https:\/\/corrientesdetarde.com\/index.php\/wp-json\/wp\/v2\/categories?post=220881"},{"taxonomy":"post_tag","embeddable":true,"href":"https:\/\/corrientesdetarde.com\/index.php\/wp-json\/wp\/v2\/tags?post=220881"}],"curies":[{"name":"wp","href":"https:\/\/api.w.org\/{rel}","templated":true}]}}