{"id":220882,"date":"2025-08-06T15:39:57","date_gmt":"2025-08-06T18:39:57","guid":{"rendered":"https:\/\/corrientesdetarde.com\/?p=220882"},"modified":"2025-08-06T15:40:00","modified_gmt":"2025-08-06T18:40:00","slug":"corrientes-sera-escenario-del-tecnicar-2025-che-taragui","status":"publish","type":"post","link":"https:\/\/corrientesdetarde.com\/index.php\/informacion-general\/corrientes-sera-escenario-del-tecnicar-2025-che-taragui\/","title":{"rendered":"Corrientes ser\u00e1 escenario del Tecnicar 2025- Che Tarag\u00fci"},"content":{"rendered":"\n<p>El Gobierno de Corrientes a trav\u00e9s del Ministerio de Educaci\u00f3n y la Direcci\u00f3n de Educaci\u00f3n T\u00e9cnico Profesional pondr\u00e1n en marcha ma\u00f1ana y el viernes (7 y 8 de agosto), una nueva edici\u00f3n de Tecnicar- Che Tarag\u00fci, la competencia de autos el\u00e9ctricos dise\u00f1ados y realizados por estudiantes de escuelas t\u00e9cnicas de toda la provincia. La actividad ser\u00e1 en la Costanera Sur de la ciudad de Corrientes (desde Las Heras hasta Av Romero).<\/p>\n\n\n\n<p><\/p>\n\n\n\n<p>El esp\u00edritu de esta competencia, es el de inculcar a los estudiantes nociones b\u00e1sicas del cuidado del medio ambiente y en particular promover el aprendizaje integrado, utilizando el proceso de dise\u00f1o y construcci\u00f3n para la aplicaci\u00f3n de principios cient\u00edficos, conceptos matem\u00e1ticos y de sistemas tecnol\u00f3gicos, como as\u00ed, motivar y educar a los estudiantes en la investigaci\u00f3n de sistemas de transporte alternativos no contaminantes y promover el trabajo en equipo para dise\u00f1ar, producir y testear resultados utilizando nuevas tecnolog\u00edas. Uno de los objetivos principales de esta competencia es fomentar la buena convivencia entre los participantes premiando el esp\u00edritu deportivo.<\/p>\n\n\n\n<p>En el encuentro \u201cTecnicar 2025- Che Tarag\u00fci\u201d participan este a\u00f1o 22 establecimientos educativos de nivel Secundario de la Modalidad T\u00e9cnico Profesional con Especialidades en Mec\u00e1nica, Automotores, Electromec\u00e1nica, Electricidad y Electr\u00f3nica.<\/p>\n\n\n\n<figure class=\"wp-block-image size-large\"><img loading=\"lazy\" decoding=\"async\" width=\"1024\" height=\"679\" src=\"https:\/\/corrientesdetarde.com\/wp-content\/uploads\/2025\/08\/image-216-1024x679.png\" alt=\"\" class=\"wp-image-220886\" srcset=\"https:\/\/corrientesdetarde.com\/wp-content\/uploads\/2025\/08\/image-216-1024x679.png 1024w, https:\/\/corrientesdetarde.com\/wp-content\/uploads\/2025\/08\/image-216-300x199.png 300w, https:\/\/corrientesdetarde.com\/wp-content\/uploads\/2025\/08\/image-216-768x509.png 768w, https:\/\/corrientesdetarde.com\/wp-content\/uploads\/2025\/08\/image-216.png 1116w\" sizes=\"auto, (max-width: 1024px) 100vw, 1024px\" \/><\/figure>\n","protected":false},"excerpt":{"rendered":"<p>El Gobierno de Corrientes a trav\u00e9s del Ministerio de Educaci\u00f3n y la Direcci\u00f3n de Educaci\u00f3n T\u00e9cnico Profesional pondr\u00e1n en marcha ma\u00f1ana y el viernes (7 y 8 de agosto), una&hellip; <\/p>\n","protected":false},"author":1,"featured_media":220887,"comment_status":"closed","ping_status":"open","sticky":false,"template":"","format":"standard","meta":{"footnotes":""},"categories":[1],"tags":[],"class_list":["post-220882","post","type-post","status-publish","format-standard","has-post-thumbnail","hentry","category-informacion-general"],"_links":{"self":[{"href":"https:\/\/corrientesdetarde.com\/index.php\/wp-json\/wp\/v2\/posts\/220882","targetHints":{"allow":["GET"]}}],"collection":[{"href":"https:\/\/corrientesdetarde.com\/index.php\/wp-json\/wp\/v2\/posts"}],"about":[{"href":"https:\/\/corrientesdetarde.com\/index.php\/wp-json\/wp\/v2\/types\/post"}],"author":[{"embeddable":true,"href":"https:\/\/corrientesdetarde.com\/index.php\/wp-json\/wp\/v2\/users\/1"}],"replies":[{"embeddable":true,"href":"https:\/\/corrientesdetarde.com\/index.php\/wp-json\/wp\/v2\/comments?post=220882"}],"version-history":[{"count":1,"href":"https:\/\/corrientesdetarde.com\/index.php\/wp-json\/wp\/v2\/posts\/220882\/revisions"}],"predecessor-version":[{"id":220888,"href":"https:\/\/corrientesdetarde.com\/index.php\/wp-json\/wp\/v2\/posts\/220882\/revisions\/220888"}],"wp:featuredmedia":[{"embeddable":true,"href":"https:\/\/corrientesdetarde.com\/index.php\/wp-json\/wp\/v2\/media\/220887"}],"wp:attachment":[{"href":"https:\/\/corrientesdetarde.com\/index.php\/wp-json\/wp\/v2\/media?parent=220882"}],"wp:term":[{"taxonomy":"category","embeddable":true,"href":"https:\/\/corrientesdetarde.com\/index.php\/wp-json\/wp\/v2\/categories?post=220882"},{"taxonomy":"post_tag","embeddable":true,"href":"https:\/\/corrientesdetarde.com\/index.php\/wp-json\/wp\/v2\/tags?post=220882"}],"curies":[{"name":"wp","href":"https:\/\/api.w.org\/{rel}","templated":true}]}}