{"id":220892,"date":"2025-08-06T15:43:23","date_gmt":"2025-08-06T18:43:23","guid":{"rendered":"https:\/\/corrientesdetarde.com\/?p=220892"},"modified":"2025-08-06T15:43:35","modified_gmt":"2025-08-06T18:43:35","slug":"la-orquesta-sinfonica-presenta-de-europa-a-brasil-en-la-facultad-de-ciencias-agrarias","status":"publish","type":"post","link":"https:\/\/corrientesdetarde.com\/index.php\/eventossociedad\/la-orquesta-sinfonica-presenta-de-europa-a-brasil-en-la-facultad-de-ciencias-agrarias\/","title":{"rendered":"La Orquesta Sinf\u00f3nica presenta &#8220;De Europa a Brasil&#8221; en la Facultad de Ciencias Agrarias"},"content":{"rendered":"\n<p>El Instituto de Cultura de la Provincia invita a la comunidad local a asistir al nuevo concierto de la Orquesta Sinf\u00f3nica de Corrientes. En esta oportunidad, titulada &#8220;De Europa a Brasil: Un Encuentro de Nacionalismos&#8221; con director brasilero invitado.<\/p>\n\n\n\n<p><\/p>\n\n\n\n<p>En la primera parte, se explotar\u00e1n dos facetas fundamentales del nacionalismo musical. Se comenzar\u00e1 con la Suite n\u00ba 1 de Peer Gynt, de Edvard Grieg, una obra que representa el nacionalismo europeo a trav\u00e9s de la evocaci\u00f3n de las leyendas y paisajes noruegos, usando melod\u00edas folcl\u00f3ricas y una orquestaci\u00f3n rica y colorida.<\/p>\n\n\n\n<p>A continuaci\u00f3n, se escuchar\u00e1 el Bolero de Maurice Ravel, un ejemplo cl\u00e1sico del nacionalismo ex\u00f3tico, donde el compositor franc\u00e9s toma como inspiraci\u00f3n la danza espa\u00f1ola para crear una pieza hipn\u00f3tica y llena de colorido orquestal. &nbsp;<\/p>\n\n\n\n<p>&#8220;Esta secci\u00f3n nos invita a reflexionar sobre c\u00f3mo la m\u00fasica puede expresar identidades culturales propias y tambi\u00e9n la fascinaci\u00f3n por otras culturas&#8221;, indic\u00f3 Araujo.&nbsp;<\/p>\n\n\n\n<p>La segunda parte del concierto estar\u00e1 dedicada a la riqueza y diversidad del nacionalismo brasile\u00f1o, que sintetiza influencias ind\u00edgenas, africanas y europeas en una expresi\u00f3n \u00fanica. &#8220;Comenzamos con O Garatuja de Alberto Nepomuceno, pionero en la incorporaci\u00f3n de elementos nacionales en la m\u00fasica acad\u00e9mica brasile\u00f1a. Seguimos con el Preludio de las Bachianas n\u00ba 4, de Heitor Villa-Lobos, que mezcla la tradici\u00f3n europea con la sonoridad brasile\u00f1a en una obra emblem\u00e1tica y profundamente expresiva. La obertura Lo Schiavo y la obertura O Guaran\u00ed, ambas de Carlos Gomes, evocan momentos hist\u00f3ricos y culturales fundamentales para la identidad brasile\u00f1a, mientras que el Lundum (Congada) de Francisco Mignone rescata ritmos afrobrasile\u00f1os con refinamiento sinf\u00f3nico&#8221;, se\u00f1al\u00f3 el director. &nbsp;<\/p>\n\n\n\n<p>Esta parte final celebra la identidad cultural del Brasil y su aportaci\u00f3n singular al panorama musical mundial.<\/p>\n","protected":false},"excerpt":{"rendered":"<p>El Instituto de Cultura de la Provincia invita a la comunidad local a asistir al nuevo concierto de la Orquesta Sinf\u00f3nica de Corrientes. En esta oportunidad, titulada &#8220;De Europa a&hellip; <\/p>\n","protected":false},"author":1,"featured_media":220895,"comment_status":"closed","ping_status":"open","sticky":false,"template":"","format":"standard","meta":{"footnotes":""},"categories":[1208],"tags":[],"class_list":["post-220892","post","type-post","status-publish","format-standard","has-post-thumbnail","hentry","category-eventossociedad"],"_links":{"self":[{"href":"https:\/\/corrientesdetarde.com\/index.php\/wp-json\/wp\/v2\/posts\/220892","targetHints":{"allow":["GET"]}}],"collection":[{"href":"https:\/\/corrientesdetarde.com\/index.php\/wp-json\/wp\/v2\/posts"}],"about":[{"href":"https:\/\/corrientesdetarde.com\/index.php\/wp-json\/wp\/v2\/types\/post"}],"author":[{"embeddable":true,"href":"https:\/\/corrientesdetarde.com\/index.php\/wp-json\/wp\/v2\/users\/1"}],"replies":[{"embeddable":true,"href":"https:\/\/corrientesdetarde.com\/index.php\/wp-json\/wp\/v2\/comments?post=220892"}],"version-history":[{"count":1,"href":"https:\/\/corrientesdetarde.com\/index.php\/wp-json\/wp\/v2\/posts\/220892\/revisions"}],"predecessor-version":[{"id":220896,"href":"https:\/\/corrientesdetarde.com\/index.php\/wp-json\/wp\/v2\/posts\/220892\/revisions\/220896"}],"wp:featuredmedia":[{"embeddable":true,"href":"https:\/\/corrientesdetarde.com\/index.php\/wp-json\/wp\/v2\/media\/220895"}],"wp:attachment":[{"href":"https:\/\/corrientesdetarde.com\/index.php\/wp-json\/wp\/v2\/media?parent=220892"}],"wp:term":[{"taxonomy":"category","embeddable":true,"href":"https:\/\/corrientesdetarde.com\/index.php\/wp-json\/wp\/v2\/categories?post=220892"},{"taxonomy":"post_tag","embeddable":true,"href":"https:\/\/corrientesdetarde.com\/index.php\/wp-json\/wp\/v2\/tags?post=220892"}],"curies":[{"name":"wp","href":"https:\/\/api.w.org\/{rel}","templated":true}]}}