{"id":220910,"date":"2025-08-06T23:32:34","date_gmt":"2025-08-07T02:32:34","guid":{"rendered":"https:\/\/corrientesdetarde.com\/?p=220910"},"modified":"2025-08-06T23:32:37","modified_gmt":"2025-08-07T02:32:37","slug":"fue-desgarrador-la-palabra-del-abogado-de-julieta-prandi-tras-la-declaracion-de-la-actriz-en-el-juicio","status":"publish","type":"post","link":"https:\/\/corrientesdetarde.com\/index.php\/espectaculos\/fue-desgarrador-la-palabra-del-abogado-de-julieta-prandi-tras-la-declaracion-de-la-actriz-en-el-juicio\/","title":{"rendered":"\u201cFue desgarrador\u201d: la palabra del abogado de Julieta Prandi tras la declaraci\u00f3n de la actriz en el juicio"},"content":{"rendered":"\n<h2 class=\"wp-block-heading\">Julieta Prandi declar\u00f3 en el juicio contra su ex, Claudio Contardi. &#8220;No la pueden hacer quedar como una mentirosa&#8221; a la actriz, sentenci\u00f3.<\/h2>\n\n\n\n<p>El abogado de<strong>&nbsp;Julieta Prandi&nbsp;<\/strong>afirm\u00f3 que la declaraci\u00f3n de la actriz&nbsp;<strong>\u201cfue desgarradora\u201d<\/strong>&nbsp;y se\u00f1al\u00f3 que la defensa de Claudio Contardi, acusado por presunto abuso sexual agravado,&nbsp;<strong>\u201cno tiene forma de hacer quedar como una mentirosa\u201d<\/strong>&nbsp;a la conductora.<\/p>\n\n\n\n<p>Javier Ba\u00f1os dialog\u00f3 con la prensa y resalt\u00f3 que a su clienta se&nbsp;<strong>quebr\u00f3<\/strong>&nbsp;cuando prest\u00f3 testimonio en los Tribunales de Campana.<\/p>\n\n\n\n<p>Adem\u00e1s, el letrado pidi\u00f3 que haya un&nbsp;<strong>biombo para que Prandi y Contardi no puedan mirarse<\/strong>:&nbsp;<strong>&#8220;Solicit\u00e9 expresamente que no haya contacto visual&#8221;.<\/strong><\/p>\n\n\n\n<p><strong>&#8220;Julieta no pudo entrar porque est\u00e1 ah\u00ed \u00e9l&#8221;<\/strong>, remarc\u00f3 Ba\u00f1os, al tiempo que agreg\u00f3 que su objetivo&nbsp;<strong>&#8220;es protegerla&#8221;<\/strong>&nbsp;porque<strong>&nbsp;&#8220;ser\u00eda una locura&#8221;<\/strong>&nbsp;que observe al hombre que&nbsp;<strong>&#8220;la martiriz\u00f3&#8221;.<\/strong><\/p>\n\n\n\n<p><strong>&#8220;Estaba re angustiada, la vi re mal, este juicio tendr\u00eda que haber empezado hace cinco a\u00f1os&#8221;<\/strong>, recrimin\u00f3 el abogado de la modelo.<\/p>\n\n\n\n<p>Los hermanos Nicol\u00e1s y Tom\u00e1s Nitzcamer, patrocinantes de Contardi,&nbsp;<strong>presentaron un pedido de nulidad ante los jueces Daniel R\u00e9polo, Mariano Aguilar y Mariano Leiro para que el empresario gastron\u00f3mico afronte un juicio por jurados populares.<\/strong><\/p>\n\n\n\n<p>En este sentido, Ba\u00f1os calific\u00f3 esta decisi\u00f3n de<strong>&nbsp;&#8220;maniobra dilatoria&#8221;<\/strong>&nbsp;a ra\u00edz de que los defensores&nbsp;<strong>&#8220;constantemente ponen palos en la rueda&#8221;.<\/strong><\/p>\n","protected":false},"excerpt":{"rendered":"<p>Julieta Prandi declar\u00f3 en el juicio contra su ex, Claudio Contardi. &#8220;No la pueden hacer quedar como una mentirosa&#8221; a la actriz, sentenci\u00f3. El abogado de&nbsp;Julieta Prandi&nbsp;afirm\u00f3 que la declaraci\u00f3n&hellip; <\/p>\n","protected":false},"author":4,"featured_media":220946,"comment_status":"closed","ping_status":"open","sticky":false,"template":"","format":"standard","meta":{"footnotes":""},"categories":[19],"tags":[],"class_list":["post-220910","post","type-post","status-publish","format-standard","has-post-thumbnail","hentry","category-espectaculos"],"_links":{"self":[{"href":"https:\/\/corrientesdetarde.com\/index.php\/wp-json\/wp\/v2\/posts\/220910","targetHints":{"allow":["GET"]}}],"collection":[{"href":"https:\/\/corrientesdetarde.com\/index.php\/wp-json\/wp\/v2\/posts"}],"about":[{"href":"https:\/\/corrientesdetarde.com\/index.php\/wp-json\/wp\/v2\/types\/post"}],"author":[{"embeddable":true,"href":"https:\/\/corrientesdetarde.com\/index.php\/wp-json\/wp\/v2\/users\/4"}],"replies":[{"embeddable":true,"href":"https:\/\/corrientesdetarde.com\/index.php\/wp-json\/wp\/v2\/comments?post=220910"}],"version-history":[{"count":1,"href":"https:\/\/corrientesdetarde.com\/index.php\/wp-json\/wp\/v2\/posts\/220910\/revisions"}],"predecessor-version":[{"id":220947,"href":"https:\/\/corrientesdetarde.com\/index.php\/wp-json\/wp\/v2\/posts\/220910\/revisions\/220947"}],"wp:featuredmedia":[{"embeddable":true,"href":"https:\/\/corrientesdetarde.com\/index.php\/wp-json\/wp\/v2\/media\/220946"}],"wp:attachment":[{"href":"https:\/\/corrientesdetarde.com\/index.php\/wp-json\/wp\/v2\/media?parent=220910"}],"wp:term":[{"taxonomy":"category","embeddable":true,"href":"https:\/\/corrientesdetarde.com\/index.php\/wp-json\/wp\/v2\/categories?post=220910"},{"taxonomy":"post_tag","embeddable":true,"href":"https:\/\/corrientesdetarde.com\/index.php\/wp-json\/wp\/v2\/tags?post=220910"}],"curies":[{"name":"wp","href":"https:\/\/api.w.org\/{rel}","templated":true}]}}