{"id":220924,"date":"2025-08-06T20:38:41","date_gmt":"2025-08-06T23:38:41","guid":{"rendered":"https:\/\/corrientesdetarde.com\/?p=220924"},"modified":"2025-08-06T20:38:53","modified_gmt":"2025-08-06T23:38:53","slug":"todo-listo-para-el-show-de-los-cafres-en-corrientes-una-noche-imperdible-de-reggae-con-identidad","status":"publish","type":"post","link":"https:\/\/corrientesdetarde.com\/index.php\/informacion-general\/todo-listo-para-el-show-de-los-cafres-en-corrientes-una-noche-imperdible-de-reggae-con-identidad\/","title":{"rendered":"Todo listo para el show de Los Cafres en Corrientes: una noche imperdible de reggae con identidad"},"content":{"rendered":"\n<p><strong>Los Cafres<\/strong>, banda \u00edcono del reggae latinoamericano, regresa a&nbsp;<strong>Corrientes<\/strong>&nbsp;para reencontrarse con su p\u00fablico en una noche cargada de m\u00fasica, emoci\u00f3n y cl\u00e1sicos inolvidables. La cita ser\u00e1 el&nbsp;<strong>s\u00e1bado 9 de agosto<\/strong>&nbsp;en el escenario cubierto de&nbsp;<strong>Concepto Yapir\u00e9<\/strong>&nbsp;(Av. Ra\u00fal Alfons\u00edn 3701) Desde Bella Vista (Corrientes), la banda Kalacawas ser\u00e1 la encargada de abrir el esperado show. Las \u00faltimas entradas se pueden adquirir a trav\u00e9s de&nbsp;<a href=\"http:\/\/norteticket.com\/\" target=\"_blank\" rel=\"noreferrer noopener\">norteticket.com<\/a>&nbsp;y en los puntos de venta oficiales: Que Sea Rock (Pellegrini 1501, Corrientes) y Sum Sum (Roque S\u00e1enz Pe\u00f1a 465, Resistencia).<\/p>\n\n\n\n<p>La apertura estar\u00e1 a cargo de&nbsp;<strong>Kalacawas<\/strong>, una de las bandas m\u00e1s representativas del reggae litorale\u00f1o, que aportar\u00e1 su sonido fresco y poderoso como antesala a la presentaci\u00f3n de los referentes del roots reggae en espa\u00f1ol.<\/p>\n\n\n\n<p>Actualmente, la banda se encuentra trabajando en \u201c200 Atardeceres &#8211; Live Session\u201d, un registro audiovisual grabado en vivo desde el m\u00e1gico paisaje del Torop\u00ed, como homenaje a los 200 a\u00f1os de Bella Vista. Este material estar\u00e1 disponible pr\u00f3ximamente en todas las plataformas digitales.<\/p>\n\n\n\n<p>Con casi&nbsp;<strong>cuatro d\u00e9cadas de trayectoria<\/strong>, Los Cafres se consolidaron como pioneros del reggae en nuestro idioma. Surgidos en Buenos Aires a fines de los a\u00f1os 80, fueron una de las primeras agrupaciones en interpretar reggae en espa\u00f1ol, manteniendo la esencia del g\u00e9nero jamaiquino pero incorporando una l\u00edrica introspectiva, social y espiritual que dej\u00f3 huella en varias generaciones.<\/p>\n\n\n\n<p>Durante el show, la banda presentar\u00e1 un&nbsp;<strong>recorrido por sus grandes \u00e9xitos<\/strong>, adem\u00e1s de su m\u00e1s reciente single,&nbsp;<strong>&#8220;Viento&#8221;<\/strong>, lanzado en marzo de este a\u00f1o. La canci\u00f3n \u2014disponible en todas las plataformas digitales\u2014 retoma el sonido cl\u00e1sico de la banda con una producci\u00f3n actual y una l\u00edrica profunda que reflexiona sobre el paso del tiempo y la b\u00fasqueda de libertad.<\/p>\n\n\n\n<p>El&nbsp;<strong>9 de agosto<\/strong>&nbsp;ser\u00e1 una oportunidad \u00fanica para vivir una noche de reggae con identidad y compromiso, de la mano de&nbsp;<strong>Los Cafres<\/strong>, referentes indiscutidos del g\u00e9nero en Latinoam\u00e9rica, y&nbsp;<strong>Kalacawas<\/strong>, que aportar\u00e1 el sabor del litoral al escenario.<\/p>\n\n\n\n<p>+info:<\/p>\n\n\n\n<p>@mambo.produce<\/p>\n\n\n\n<p>Entradas:<\/p>\n\n\n\n<figure class=\"wp-block-embed\"><div class=\"wp-block-embed__wrapper\">\nhttps:\/\/norteticket.com\/LOS-CAFRES-EN-CORRIENTES\n<\/div><\/figure>\n","protected":false},"excerpt":{"rendered":"<p>Los Cafres, banda \u00edcono del reggae latinoamericano, regresa a&nbsp;Corrientes&nbsp;para reencontrarse con su p\u00fablico en una noche cargada de m\u00fasica, emoci\u00f3n y cl\u00e1sicos inolvidables. La cita ser\u00e1 el&nbsp;s\u00e1bado 9 de agosto&nbsp;en&hellip; <\/p>\n","protected":false},"author":4,"featured_media":220925,"comment_status":"closed","ping_status":"open","sticky":false,"template":"","format":"standard","meta":{"footnotes":""},"categories":[1],"tags":[],"class_list":["post-220924","post","type-post","status-publish","format-standard","has-post-thumbnail","hentry","category-informacion-general"],"_links":{"self":[{"href":"https:\/\/corrientesdetarde.com\/index.php\/wp-json\/wp\/v2\/posts\/220924","targetHints":{"allow":["GET"]}}],"collection":[{"href":"https:\/\/corrientesdetarde.com\/index.php\/wp-json\/wp\/v2\/posts"}],"about":[{"href":"https:\/\/corrientesdetarde.com\/index.php\/wp-json\/wp\/v2\/types\/post"}],"author":[{"embeddable":true,"href":"https:\/\/corrientesdetarde.com\/index.php\/wp-json\/wp\/v2\/users\/4"}],"replies":[{"embeddable":true,"href":"https:\/\/corrientesdetarde.com\/index.php\/wp-json\/wp\/v2\/comments?post=220924"}],"version-history":[{"count":1,"href":"https:\/\/corrientesdetarde.com\/index.php\/wp-json\/wp\/v2\/posts\/220924\/revisions"}],"predecessor-version":[{"id":220926,"href":"https:\/\/corrientesdetarde.com\/index.php\/wp-json\/wp\/v2\/posts\/220924\/revisions\/220926"}],"wp:featuredmedia":[{"embeddable":true,"href":"https:\/\/corrientesdetarde.com\/index.php\/wp-json\/wp\/v2\/media\/220925"}],"wp:attachment":[{"href":"https:\/\/corrientesdetarde.com\/index.php\/wp-json\/wp\/v2\/media?parent=220924"}],"wp:term":[{"taxonomy":"category","embeddable":true,"href":"https:\/\/corrientesdetarde.com\/index.php\/wp-json\/wp\/v2\/categories?post=220924"},{"taxonomy":"post_tag","embeddable":true,"href":"https:\/\/corrientesdetarde.com\/index.php\/wp-json\/wp\/v2\/tags?post=220924"}],"curies":[{"name":"wp","href":"https:\/\/api.w.org\/{rel}","templated":true}]}}