{"id":220927,"date":"2025-08-06T20:53:13","date_gmt":"2025-08-06T23:53:13","guid":{"rendered":"https:\/\/corrientesdetarde.com\/?p=220927"},"modified":"2025-08-06T20:53:25","modified_gmt":"2025-08-06T23:53:25","slug":"valdes-inaugurara-obras-viales-educativas-sociales-y-religiosas-en-goya-y-perugorria","status":"publish","type":"post","link":"https:\/\/corrientesdetarde.com\/index.php\/destacados\/valdes-inaugurara-obras-viales-educativas-sociales-y-religiosas-en-goya-y-perugorria\/","title":{"rendered":"Vald\u00e9s inaugurar\u00e1 obras viales, educativas, sociales y religiosas en Goya y Perugorr\u00eda"},"content":{"rendered":"\n<p><em>El gobernador visitar\u00e1 las localidades de Goya y Perugorr\u00eda, donde llevar\u00e1 adelante una agenda marcada por inauguraciones de obras que fortalecen el desarrollo urbano, educativo, social y comunitario.<\/em><\/p>\n\n\n\n<p>En una intensa agenda de trabajo territorial, el gobernador Gustavo Vald\u00e9s encabezar\u00e1 este jueves 07 una serie de inauguraciones en Goya y Perugorr\u00eda. Las actividades incluyen la repavimentaci\u00f3n de calles, la habilitaci\u00f3n de un nuevo edificio escolar, enripiado de caminos, y mejoras en infraestructura social y religiosa.<\/p>\n\n\n\n<p>La jornada iniciar\u00e1 a las 10, con la inauguraci\u00f3n de la repavimentaci\u00f3n de la calle Jos\u00e9 G\u00f3mez, en la intersecci\u00f3n con Espa\u00f1a. Esta obra mejorar\u00e1 significativamente la circulaci\u00f3n en una zona clave del ejido urbano.<\/p>\n\n\n\n<p>A las 11:30, Vald\u00e9s encabezar\u00e1 la inauguraci\u00f3n del nuevo edificio de la Escuela Primaria N\u00b0 274 \u201cLuis Mar\u00eda D\u00edaz Colodrero\u201d, que brindar\u00e1 mejores condiciones de aprendizaje para ni\u00f1os y docentes de la comunidad educativa.<\/p>\n\n\n\n<p>En el mismo acto, se concretar\u00e1 la inauguraci\u00f3n de 10 kil\u00f3metros de enripiado de camino vecinal en el Paraje Batel, facilitando el acceso y conectividad en zonas rurales de la regi\u00f3n.<\/p>\n\n\n\n<p>Por la tarde, el mandatario provincial se trasladar\u00e1 a Perugorr\u00eda, donde a las 17:30 dejar\u00e1 formalmente inaugurado el Centro de D\u00eda \u201cM\u00e1s Vida\u201d, ubicado en 25 de Mayo 320, un espacio dedicado a la contenci\u00f3n y asistencia de personas en situaci\u00f3n de vulnerabilidad.<\/p>\n\n\n\n<p>Finalmente, a las 18:15, se habilitar\u00e1 la refacci\u00f3n integral de la Parroquia \u201cSan Pedro\u201d, ubicada en Lavalle y Pedro N. Silva, una obra que pondr\u00e1&nbsp;en valor el patrimonio religioso y cultural de la comunidad.<\/p>\n","protected":false},"excerpt":{"rendered":"<p>El gobernador visitar\u00e1 las localidades de Goya y Perugorr\u00eda, donde llevar\u00e1 adelante una agenda marcada por inauguraciones de obras que fortalecen el desarrollo urbano, educativo, social y comunitario. En una&hellip; <\/p>\n","protected":false},"author":4,"featured_media":220928,"comment_status":"closed","ping_status":"open","sticky":false,"template":"","format":"standard","meta":{"footnotes":""},"categories":[26],"tags":[],"class_list":["post-220927","post","type-post","status-publish","format-standard","has-post-thumbnail","hentry","category-destacados"],"_links":{"self":[{"href":"https:\/\/corrientesdetarde.com\/index.php\/wp-json\/wp\/v2\/posts\/220927","targetHints":{"allow":["GET"]}}],"collection":[{"href":"https:\/\/corrientesdetarde.com\/index.php\/wp-json\/wp\/v2\/posts"}],"about":[{"href":"https:\/\/corrientesdetarde.com\/index.php\/wp-json\/wp\/v2\/types\/post"}],"author":[{"embeddable":true,"href":"https:\/\/corrientesdetarde.com\/index.php\/wp-json\/wp\/v2\/users\/4"}],"replies":[{"embeddable":true,"href":"https:\/\/corrientesdetarde.com\/index.php\/wp-json\/wp\/v2\/comments?post=220927"}],"version-history":[{"count":1,"href":"https:\/\/corrientesdetarde.com\/index.php\/wp-json\/wp\/v2\/posts\/220927\/revisions"}],"predecessor-version":[{"id":220929,"href":"https:\/\/corrientesdetarde.com\/index.php\/wp-json\/wp\/v2\/posts\/220927\/revisions\/220929"}],"wp:featuredmedia":[{"embeddable":true,"href":"https:\/\/corrientesdetarde.com\/index.php\/wp-json\/wp\/v2\/media\/220928"}],"wp:attachment":[{"href":"https:\/\/corrientesdetarde.com\/index.php\/wp-json\/wp\/v2\/media?parent=220927"}],"wp:term":[{"taxonomy":"category","embeddable":true,"href":"https:\/\/corrientesdetarde.com\/index.php\/wp-json\/wp\/v2\/categories?post=220927"},{"taxonomy":"post_tag","embeddable":true,"href":"https:\/\/corrientesdetarde.com\/index.php\/wp-json\/wp\/v2\/tags?post=220927"}],"curies":[{"name":"wp","href":"https:\/\/api.w.org\/{rel}","templated":true}]}}