{"id":220930,"date":"2025-08-06T23:16:51","date_gmt":"2025-08-07T02:16:51","guid":{"rendered":"https:\/\/corrientesdetarde.com\/?p=220930"},"modified":"2025-08-06T23:16:55","modified_gmt":"2025-08-07T02:16:55","slug":"en-santa-lucia-el-gobernador-inauguro-las-refacciones-del-hospital-juan-ramon-gomez","status":"publish","type":"post","link":"https:\/\/corrientesdetarde.com\/index.php\/destacados\/en-santa-lucia-el-gobernador-inauguro-las-refacciones-del-hospital-juan-ramon-gomez\/","title":{"rendered":"En Santa Luc\u00eda, el Gobernador inaugur\u00f3 las refacciones del Hospital &#8220;Juan Ram\u00f3n G\u00f3mez&#8221;"},"content":{"rendered":"\n<p>Cerrando sus actividades en Santa Luc\u00eda, el gobernador Gustavo Vald\u00e9s inaugur\u00f3 este mi\u00e9rcoles por la tarde las refacciones en el Hospital &#8220;Juan Ram\u00f3n G\u00f3mez&#8221;, espec\u00edficamente en el sector de Internaci\u00f3n. All\u00ed, valor\u00f3 el hecho de que se complejicen los servicios de los nosocomios del interior, brindando una atenci\u00f3n gratuita y de calidad a los vecinos.<\/p>\n\n\n\n<p>Al tomar la palabra, el gobernador Vald\u00e9s manifest\u00f3 que \u201ces un d\u00eda importante para la salud en general, porque tiene que ver con c\u00f3mo fuimos escalando en estos a\u00f1os: pasamos hace poco tiempo momentos de los m\u00e1s dif\u00edciles que se haya tenido memoria con una pandemia, para lo cual nunca nadie est\u00e1 preparado, ya que no se puede prever cu\u00e1ndo ser\u00e1 la pr\u00f3xima o cu\u00e1les ser\u00e1n sus formas o modos\u201d. Y en ese contexto, \u201cdemostramos que sistema de salud de la Provincia es una fortaleza, aunque otros lo quieran destruir, donde a ning\u00fan correntino, le falt\u00f3 atenci\u00f3n m\u00e9dica, es decir que nos pusimos todos en un pie de igualdad y logramos tener un sistema sanitario que nos contuvo\u201d.<\/p>\n\n\n\n<p>Haciendo referencia al Hospital de Campa\u00f1a, record\u00f3 que \u201cinvertimos en ese lugar para todos, un predio que tiene 30 mil metros cuadrados, donde pusimos alma, coraz\u00f3n y vida\u201d. A lo que continu\u00f3 diciendo que \u201cuna vez que estuvimos estabilizados en cuanto a inversi\u00f3n, porque no se toma conciencia de lo que vale el servicio sanitario, por ah\u00ed requerimos, pero el Estado tiene recursos finitos y para eso tiene que haber buena administraci\u00f3n, empezamos a escalar: en esta regi\u00f3n que abarca a Santa Luc\u00eda, por una cuesti\u00f3n de complejidad, tenemos sistema de derivaci\u00f3n y por eso inauguramos hoy para toda la zona un Hospital de Ni\u00f1os en Goya, que les permitir\u00e1 recibir la mejor atenci\u00f3n para sus chicos\u201d.<\/p>\n\n\n\n<p>El primer Mandatario explic\u00f3 que \u201clo que estamos haciendo hoy ac\u00e1, es darle una inversi\u00f3n m\u00e1s para agregar m\u00e1s complejidad al Hospital de Santa Luc\u00eda, y seguiremos con el plan de inversi\u00f3n que lo venimos desarrollando a trav\u00e9s del Ministerio de Salud P\u00fablica\u201d. Remarc\u00f3 as\u00ed que \u201cal \u00fanico lugar donde podemos recurrir todos y tener la m\u00e1xima de las atenciones es en el sistema de salud p\u00fablica, porque cuando vemos un esquema complejo en materia de salud lo atendemos primero ac\u00e1 en el Hospital, despu\u00e9s lo podemos derivar y si es necesario lo podemos derivar incluso a Buenos Aires cubierto por la provincia de Corrientes con el esfuerzo que eso implica, pero con la garant\u00eda de que el sistema p\u00fablico funciona\u201d.<\/p>\n\n\n\n<p><strong>Ministro Cardozo<\/strong><\/p>\n\n\n\n<p>En la ocasi\u00f3n, el ministro de Salud P\u00fablica Ricardo Cardozo, sobresali\u00f3 el cambio positivo en el hospital, resaltando el nuevo ambiente ordenado y agradable. \u201cAhora estas seis salas est\u00e1n muy lindas, hac\u00eda falta el arreglo\u201d, consider\u00f3.<\/p>\n\n\n\n<p>En este contexto, Cardozo destac\u00f3 la refacci\u00f3n del laboratorio y la sala de rayos X, \u201cdonde hoy lleg\u00f3 justamente el nuevo equipo de rayos, porque el dispositivo fijo que hab\u00eda, se descompuso y estamos ah\u00ed a la espera del arreglo\u201d.<\/p>\n\n\n\n<p>Por su parte, la directora del Hospital doctora Yolanda Villalba, destac\u00f3 la importancia de \u201cmejorar la atenci\u00f3n m\u00e9dica en la regi\u00f3n\u201d, y mencion\u00f3 que se planificar\u00e1 a futuro con el Gobierno de la provincia para establecer un centro de salud para reducir derivaciones a Goya.<\/p>\n\n\n\n<p><strong>Obra<\/strong><\/p>\n\n\n\n<p>El Gobierno de la provincia de Corrientes a trav\u00e9s del Ministerio de Salud P\u00fablica inaugura las obras de refacci\u00f3n y ampliaci\u00f3n del sector de internaci\u00f3n, 6 habitaciones con sus respectivos sanitarios, se realizaron trabajos de demolici\u00f3n de muros, mamposter\u00eda nueva, revoques, instalaci\u00f3n sanitaria y el\u00e9ctrica nueva, cloacas, pinturas completas, revestimientos, pisos, cambios de aberturas entre otros trabajos. Adem\u00e1s, el Ministerio de Salud P\u00fablica dispuso del equipamiento para el correcto funcionamiento de las \u00e1reas, entre los que se destacan equipamientos inform\u00e1ticos, electrodom\u00e9sticos, mobiliarios, televisores, aires acondicionados y elementos para el servicio de enfermer\u00eda.<\/p>\n\n\n\n<p>Se encontraban presentes junto al gobernador Vald\u00e9s y el ministro de Salud de la provincia, Ricardo Cardozo; los dem\u00e1s ministros del Gabinete, legisladores nacionales y provinciales, secretarios y subsecretarios del ministerio de Salud P\u00fablica; la directora del Hospital, Yolanda Villalba, autoridades provinciales y municipales, personal del hospital y otras personas presentes.<\/p>\n","protected":false},"excerpt":{"rendered":"<p>Cerrando sus actividades en Santa Luc\u00eda, el gobernador Gustavo Vald\u00e9s inaugur\u00f3 este mi\u00e9rcoles por la tarde las refacciones en el Hospital &#8220;Juan Ram\u00f3n G\u00f3mez&#8221;, espec\u00edficamente en el sector de Internaci\u00f3n.&hellip; <\/p>\n","protected":false},"author":4,"featured_media":220931,"comment_status":"closed","ping_status":"open","sticky":false,"template":"","format":"standard","meta":{"footnotes":""},"categories":[26],"tags":[],"class_list":["post-220930","post","type-post","status-publish","format-standard","has-post-thumbnail","hentry","category-destacados"],"_links":{"self":[{"href":"https:\/\/corrientesdetarde.com\/index.php\/wp-json\/wp\/v2\/posts\/220930","targetHints":{"allow":["GET"]}}],"collection":[{"href":"https:\/\/corrientesdetarde.com\/index.php\/wp-json\/wp\/v2\/posts"}],"about":[{"href":"https:\/\/corrientesdetarde.com\/index.php\/wp-json\/wp\/v2\/types\/post"}],"author":[{"embeddable":true,"href":"https:\/\/corrientesdetarde.com\/index.php\/wp-json\/wp\/v2\/users\/4"}],"replies":[{"embeddable":true,"href":"https:\/\/corrientesdetarde.com\/index.php\/wp-json\/wp\/v2\/comments?post=220930"}],"version-history":[{"count":1,"href":"https:\/\/corrientesdetarde.com\/index.php\/wp-json\/wp\/v2\/posts\/220930\/revisions"}],"predecessor-version":[{"id":220945,"href":"https:\/\/corrientesdetarde.com\/index.php\/wp-json\/wp\/v2\/posts\/220930\/revisions\/220945"}],"wp:featuredmedia":[{"embeddable":true,"href":"https:\/\/corrientesdetarde.com\/index.php\/wp-json\/wp\/v2\/media\/220931"}],"wp:attachment":[{"href":"https:\/\/corrientesdetarde.com\/index.php\/wp-json\/wp\/v2\/media?parent=220930"}],"wp:term":[{"taxonomy":"category","embeddable":true,"href":"https:\/\/corrientesdetarde.com\/index.php\/wp-json\/wp\/v2\/categories?post=220930"},{"taxonomy":"post_tag","embeddable":true,"href":"https:\/\/corrientesdetarde.com\/index.php\/wp-json\/wp\/v2\/tags?post=220930"}],"curies":[{"name":"wp","href":"https:\/\/api.w.org\/{rel}","templated":true}]}}