{"id":220934,"date":"2025-08-06T22:56:11","date_gmt":"2025-08-07T01:56:11","guid":{"rendered":"https:\/\/corrientesdetarde.com\/?p=220934"},"modified":"2025-08-06T22:56:15","modified_gmt":"2025-08-07T01:56:15","slug":"no-queremos-que-actue-esa-negra-kirchnerista-detuvieron-al-hombre-que-amenazo-de-bomba-a-lali","status":"publish","type":"post","link":"https:\/\/corrientesdetarde.com\/index.php\/policiales\/no-queremos-que-actue-esa-negra-kirchnerista-detuvieron-al-hombre-que-amenazo-de-bomba-a-lali\/","title":{"rendered":"\u201cNo queremos que act\u00fae esa negra kirchnerista\u201d: detuvieron al hombre que amenaz\u00f3 de bomba a Lali"},"content":{"rendered":"\n<h2 class=\"wp-block-heading\">Detuvieron en San Juan al hombre de 74 a\u00f1os que amenaz\u00f3 de bomba el show de Lali. En su llamado al 911, us\u00f3 un insulto racista y pol\u00edtico.<\/h2>\n\n\n\n<p><strong>La Polic\u00eda de San Juan detuvo al supuesto autor de la amenaza de bomba<\/strong>&nbsp;que demor\u00f3 el inicio del recital de la cantante&nbsp;<strong>Lali Esp\u00f3sito<\/strong>, en el Estadio Aldo Catoni, el viernes 1 de agosto.<\/p>\n\n\n\n<p>El hombre de 74 a\u00f1os fue identificado como&nbsp;<strong>Juan Carlos Salem<\/strong>, quien habr\u00eda confesado haber llamado al 911 y caus\u00f3 temor entre los fan\u00e1ticos de la artista por la intimidaci\u00f3n.<\/p>\n\n\n\n<p><strong>La aprehensi\u00f3n se concret\u00f3 en su domicilio del barrio La Bebida<\/strong>, ubicado en la avenida Ignacio de la Roza, departamento de Rivadavia, donde las autoridades&nbsp;<strong>incautaron un arma calibre 22<\/strong>, seg\u00fan inform\u00f3 el portal del&nbsp;<em>Diario de Cuyo.<\/em><\/p>\n\n\n\n<p>Los fiscales Alejandro Mattar e Ignacio Achem ordenaron el allanamiento y formularon cargos contra Salem por&nbsp;<strong>intimidaci\u00f3n p\u00fablica<\/strong>, al tiempo que fue trasladado a la Seccional 34\u00b0.<\/p>\n\n\n\n<p><strong>\u201cHemos puesto un artefacto explosivo ah\u00ed en el estadio porque no queremos que act\u00fae esa negra p\u2026 kirchnerista. De ustedes depende que no salga gente lastimada\u2026\u201d<\/strong>, dijo el hombre que anunci\u00f3 la amenaza.<\/p>\n\n\n\n<p>Finalmente, y tras comprobarse que no hab\u00eda riesgo para los espectadores, se autoriz\u00f3 el inicio del show a partir de las 22.30.<\/p>\n","protected":false},"excerpt":{"rendered":"<p>Detuvieron en San Juan al hombre de 74 a\u00f1os que amenaz\u00f3 de bomba el show de Lali. En su llamado al 911, us\u00f3 un insulto racista y pol\u00edtico. La Polic\u00eda&hellip; <\/p>\n","protected":false},"author":4,"featured_media":220935,"comment_status":"closed","ping_status":"open","sticky":false,"template":"","format":"standard","meta":{"footnotes":""},"categories":[33],"tags":[],"class_list":["post-220934","post","type-post","status-publish","format-standard","has-post-thumbnail","hentry","category-policiales"],"_links":{"self":[{"href":"https:\/\/corrientesdetarde.com\/index.php\/wp-json\/wp\/v2\/posts\/220934","targetHints":{"allow":["GET"]}}],"collection":[{"href":"https:\/\/corrientesdetarde.com\/index.php\/wp-json\/wp\/v2\/posts"}],"about":[{"href":"https:\/\/corrientesdetarde.com\/index.php\/wp-json\/wp\/v2\/types\/post"}],"author":[{"embeddable":true,"href":"https:\/\/corrientesdetarde.com\/index.php\/wp-json\/wp\/v2\/users\/4"}],"replies":[{"embeddable":true,"href":"https:\/\/corrientesdetarde.com\/index.php\/wp-json\/wp\/v2\/comments?post=220934"}],"version-history":[{"count":1,"href":"https:\/\/corrientesdetarde.com\/index.php\/wp-json\/wp\/v2\/posts\/220934\/revisions"}],"predecessor-version":[{"id":220936,"href":"https:\/\/corrientesdetarde.com\/index.php\/wp-json\/wp\/v2\/posts\/220934\/revisions\/220936"}],"wp:featuredmedia":[{"embeddable":true,"href":"https:\/\/corrientesdetarde.com\/index.php\/wp-json\/wp\/v2\/media\/220935"}],"wp:attachment":[{"href":"https:\/\/corrientesdetarde.com\/index.php\/wp-json\/wp\/v2\/media?parent=220934"}],"wp:term":[{"taxonomy":"category","embeddable":true,"href":"https:\/\/corrientesdetarde.com\/index.php\/wp-json\/wp\/v2\/categories?post=220934"},{"taxonomy":"post_tag","embeddable":true,"href":"https:\/\/corrientesdetarde.com\/index.php\/wp-json\/wp\/v2\/tags?post=220934"}],"curies":[{"name":"wp","href":"https:\/\/api.w.org\/{rel}","templated":true}]}}