{"id":220939,"date":"2025-08-06T23:11:29","date_gmt":"2025-08-07T02:11:29","guid":{"rendered":"https:\/\/corrientesdetarde.com\/?p=220939"},"modified":"2025-08-06T23:11:33","modified_gmt":"2025-08-07T02:11:33","slug":"axel-kicillof-denuncio-a-la-side-por-presunto-espionaje-ilegal-y-exigio-una-investigacion-judicial","status":"publish","type":"post","link":"https:\/\/corrientesdetarde.com\/index.php\/politica\/axel-kicillof-denuncio-a-la-side-por-presunto-espionaje-ilegal-y-exigio-una-investigacion-judicial\/","title":{"rendered":"Axel Kicillof denunci\u00f3 a la SIDE por presunto espionaje ilegal y exigi\u00f3 una investigaci\u00f3n judicial"},"content":{"rendered":"\n<h2 class=\"wp-block-heading\">Luego de que se filtrara un informe del organismo que encabeza Sergio Neiffert, el gobernador bonaerense se present\u00f3 ante el juez Alejo Ramos Padilla.<\/h2>\n\n\n\n<p>El gobernador bonaerense&nbsp;<strong>Axel Kicillof<\/strong>&nbsp;present\u00f3 ante el Juzgado Federal N\u00b01 de La Plata, a cargo del juez&nbsp;<strong>Alejo Ramos Padilla<\/strong>, una denuncia penal contra la SIDE por&nbsp;<strong>presuntas maniobras de espionaje ilegal en su contra<\/strong>.<\/p>\n\n\n\n<p>La presentaci\u00f3n que hizo el gobernador se sustenta en un documento al que accedi\u00f3 el periodista Hugo Alconada Mon titulado<em>&nbsp;Hechos previstos 09JUL25<\/em>, que detalla reportes de inteligencia clandestina por parte del organismo.&nbsp;<\/p>\n\n\n\n<p>Seg\u00fan este informe period\u00edstico, la SIDE sigui\u00f3 los movimientos del propio gobernador, el titular del PJ bonaerense&nbsp;<strong>M\u00e1ximo Kirchner<\/strong>, el referente del Frente Renovador<strong>&nbsp;Sergio Massa<\/strong>&nbsp;y el diputado de la UCR,&nbsp;<strong>Facundo Manes<\/strong>.<\/p>\n\n\n\n<p>El organismo que maneja el secretario de Inteligencia del Estado,&nbsp;<strong>Sergio Neiffert<\/strong>, tambi\u00e9n habr\u00eda monitoreado&nbsp;<strong>protestas gremiales y manifestaciones callejeras&nbsp;<\/strong>contra el gobierno del presidente Javier Milei.<\/p>\n\n\n\n<p>El gobernador bonaerense hab\u00eda adelantado que su administraci\u00f3n estaba analizando la presentaci\u00f3n judicial, que finalmente se hizo efectiva este mi\u00e9rcoles.<\/p>\n\n\n\n<p>En el escrito, al que pudo acceder la&nbsp;<em>Agencia Noticias Argentinas<\/em>, Kicillof solicit\u00f3 que la Justicia indague acerca de presuntos \u201c<strong>delitos de acci\u00f3n p\u00fablica cometidos por personas cuya identidad deber\u00e1 establecerse<\/strong>\u201d y se investigue el alcance de estos hechos.<\/p>\n\n\n\n<p>La administraci\u00f3n bonaerense no fue la \u00fanica que denunci\u00f3 el presunto espionaje ilegal del organismo que maneja Neiffert. La investigaci\u00f3n period\u00edstica motiv\u00f3 presentaciones similares por parte de la CTA de los Trabajadores de&nbsp;<strong>Hugo Yasky<\/strong>&nbsp;y la CTA Aut\u00f3noma de&nbsp;<strong>Hugo \u201cCachorro\u201d Godoy<\/strong>.<\/p>\n\n\n\n<p>De comprobarse la veracidad de las acciones denunciadas por el periodista del diario La Naci\u00f3n, la SIDE podr\u00eda haber violado el art\u00edculo 4 de la Ley de Inteligencia Nacional, que proh\u00edbe la vigilancia de personas por su afiliaci\u00f3n pol\u00edtica o social.<\/p>\n","protected":false},"excerpt":{"rendered":"<p>Luego de que se filtrara un informe del organismo que encabeza Sergio Neiffert, el gobernador bonaerense se present\u00f3 ante el juez Alejo Ramos Padilla. El gobernador bonaerense&nbsp;Axel Kicillof&nbsp;present\u00f3 ante el&hellip; <\/p>\n","protected":false},"author":4,"featured_media":220940,"comment_status":"closed","ping_status":"open","sticky":false,"template":"","format":"standard","meta":{"footnotes":""},"categories":[3],"tags":[],"class_list":["post-220939","post","type-post","status-publish","format-standard","has-post-thumbnail","hentry","category-politica"],"_links":{"self":[{"href":"https:\/\/corrientesdetarde.com\/index.php\/wp-json\/wp\/v2\/posts\/220939","targetHints":{"allow":["GET"]}}],"collection":[{"href":"https:\/\/corrientesdetarde.com\/index.php\/wp-json\/wp\/v2\/posts"}],"about":[{"href":"https:\/\/corrientesdetarde.com\/index.php\/wp-json\/wp\/v2\/types\/post"}],"author":[{"embeddable":true,"href":"https:\/\/corrientesdetarde.com\/index.php\/wp-json\/wp\/v2\/users\/4"}],"replies":[{"embeddable":true,"href":"https:\/\/corrientesdetarde.com\/index.php\/wp-json\/wp\/v2\/comments?post=220939"}],"version-history":[{"count":1,"href":"https:\/\/corrientesdetarde.com\/index.php\/wp-json\/wp\/v2\/posts\/220939\/revisions"}],"predecessor-version":[{"id":220941,"href":"https:\/\/corrientesdetarde.com\/index.php\/wp-json\/wp\/v2\/posts\/220939\/revisions\/220941"}],"wp:featuredmedia":[{"embeddable":true,"href":"https:\/\/corrientesdetarde.com\/index.php\/wp-json\/wp\/v2\/media\/220940"}],"wp:attachment":[{"href":"https:\/\/corrientesdetarde.com\/index.php\/wp-json\/wp\/v2\/media?parent=220939"}],"wp:term":[{"taxonomy":"category","embeddable":true,"href":"https:\/\/corrientesdetarde.com\/index.php\/wp-json\/wp\/v2\/categories?post=220939"},{"taxonomy":"post_tag","embeddable":true,"href":"https:\/\/corrientesdetarde.com\/index.php\/wp-json\/wp\/v2\/tags?post=220939"}],"curies":[{"name":"wp","href":"https:\/\/api.w.org\/{rel}","templated":true}]}}