{"id":220948,"date":"2025-08-06T23:36:33","date_gmt":"2025-08-07T02:36:33","guid":{"rendered":"https:\/\/corrientesdetarde.com\/?p=220948"},"modified":"2025-08-06T23:36:45","modified_gmt":"2025-08-07T02:36:45","slug":"a-80-anos-de-hiroshima-y-nagasaki-buenos-aires-reflexiona-sobre-la-paz-con-una-muestra-cine-y-talleres","status":"publish","type":"post","link":"https:\/\/corrientesdetarde.com\/index.php\/internacionales\/a-80-anos-de-hiroshima-y-nagasaki-buenos-aires-reflexiona-sobre-la-paz-con-una-muestra-cine-y-talleres\/","title":{"rendered":"A 80 a\u00f1os de Hiroshima y Nagasaki, Buenos Aires reflexiona sobre la paz con una muestra, cine y talleres"},"content":{"rendered":"\n<h2 class=\"wp-block-heading\">La Manzana de las Luces ser\u00e1 sede de una exposici\u00f3n internacional gratuita sobre los bombardeos at\u00f3micos, con un fuerte llamado al desarme nuclear.<\/h2>\n\n\n\n<p>En el marco del&nbsp;<strong>80\u00ba aniversario<\/strong>&nbsp;de la finalizaci\u00f3n de la Segunda Guerra Mundial, Buenos Aires vuelve a ser escenario de una conmovedora exposici\u00f3n dedicada a la memoria de&nbsp;<strong>Hiroshima y Nagasaki<\/strong>, con un fuerte foco en la paz y el desarme nuclear.<\/p>\n\n\n\n<p>Seg\u00fan supo Noticias Argentinas, la muestra, titulada &#8220;A 80 a\u00f1os desde el bombardeo&#8221;, se podr\u00e1 visitar con&nbsp;<strong>entrada libre y gratuita<\/strong>&nbsp;desde este&nbsp;<strong>mi\u00e9rcoles 6 de agosto hasta el 28 de septiembre<\/strong>&nbsp;en el Complejo Hist\u00f3rico Cultural Manzana de las Luces (Per\u00fa 272, CABA), de mi\u00e9rcoles a domingo de 11 a 18 hs.<\/p>\n\n\n\n<h4 class=\"wp-block-heading\"><strong>Una muestra con recorrido global y un mensaje urgente<\/strong><\/h4>\n\n\n\n<p>Esta exposici\u00f3n, que ya ha recorrido 58 ciudades en m\u00e1s de 20 pa\u00edses, presenta&nbsp;<strong>paneles fotogr\u00e1ficos documentales<\/strong>&nbsp;que invitan a reflexionar sobre las devastadoras consecuencias de las bombas at\u00f3micas. La muestra incluye un mensaje de los alcaldes de Hiroshima y Nagasaki, quienes advierten:&nbsp;<strong>&#8220;Mientras existan armas nucleares, lo mismo podr\u00eda ocurrir en cualquier ciudad del mundo&#8221;<\/strong>.<\/p>\n\n\n\n<h4 class=\"wp-block-heading\"><strong>Actividades culturales por la paz<\/strong><\/h4>\n\n\n\n<p>Adem\u00e1s de la exposici\u00f3n, se realizar\u00e1 un ciclo de actividades gratuitas que incluye:<\/p>\n\n\n\n<ul class=\"wp-block-list\">\n<li>Ceremonia del T\u00e9 &#8220;Un t\u00e9 por la paz&#8221;: A cargo de Urasenke Tankokai Argentina, que celebra sus 70 a\u00f1os en el pa\u00eds. Se realizar\u00e1 el jueves 18 de septiembre a las 16:30 hs.<\/li>\n\n\n\n<li>Talleres de origami &#8220;Grullas por la Paz&#8221;: Se dictar\u00e1n el mi\u00e9rcoles 20 de agosto y el jueves 25 de septiembre a las 17 hs, con inscripci\u00f3n previa.<\/li>\n\n\n\n<li>Demostraci\u00f3n de caligraf\u00eda japonesa: A cargo del maestro Hamano Ryuho, el mi\u00e9rcoles 27 de agosto a las 17 hs.<\/li>\n\n\n\n<li>Ciclo de cine: Se proyectar\u00e1 una trilog\u00eda del director japon\u00e9s Kazuo Kuroki que retrata el trauma y la memoria tras los bombardeos. Las funciones ser\u00e1n los d\u00edas 20 de agosto, 18 y 25 de septiembre a las 18 hs.<\/li>\n<\/ul>\n\n\n\n<p>La exposici\u00f3n, organizada por las asociaciones de descendientes de Hiroshima y Nagasaki en la Argentina, la Manzana de las Luces y la Embajada de Jap\u00f3n, se enmarca en una larga tradici\u00f3n de cooperaci\u00f3n entre ambos pa\u00edses en la promoci\u00f3n de la paz y la no proliferaci\u00f3n nuclear.<\/p>\n","protected":false},"excerpt":{"rendered":"<p>La Manzana de las Luces ser\u00e1 sede de una exposici\u00f3n internacional gratuita sobre los bombardeos at\u00f3micos, con un fuerte llamado al desarme nuclear. En el marco del&nbsp;80\u00ba aniversario&nbsp;de la finalizaci\u00f3n&hellip; <\/p>\n","protected":false},"author":4,"featured_media":220949,"comment_status":"closed","ping_status":"open","sticky":false,"template":"","format":"standard","meta":{"footnotes":""},"categories":[11],"tags":[],"class_list":["post-220948","post","type-post","status-publish","format-standard","has-post-thumbnail","hentry","category-internacionales"],"_links":{"self":[{"href":"https:\/\/corrientesdetarde.com\/index.php\/wp-json\/wp\/v2\/posts\/220948","targetHints":{"allow":["GET"]}}],"collection":[{"href":"https:\/\/corrientesdetarde.com\/index.php\/wp-json\/wp\/v2\/posts"}],"about":[{"href":"https:\/\/corrientesdetarde.com\/index.php\/wp-json\/wp\/v2\/types\/post"}],"author":[{"embeddable":true,"href":"https:\/\/corrientesdetarde.com\/index.php\/wp-json\/wp\/v2\/users\/4"}],"replies":[{"embeddable":true,"href":"https:\/\/corrientesdetarde.com\/index.php\/wp-json\/wp\/v2\/comments?post=220948"}],"version-history":[{"count":1,"href":"https:\/\/corrientesdetarde.com\/index.php\/wp-json\/wp\/v2\/posts\/220948\/revisions"}],"predecessor-version":[{"id":220950,"href":"https:\/\/corrientesdetarde.com\/index.php\/wp-json\/wp\/v2\/posts\/220948\/revisions\/220950"}],"wp:featuredmedia":[{"embeddable":true,"href":"https:\/\/corrientesdetarde.com\/index.php\/wp-json\/wp\/v2\/media\/220949"}],"wp:attachment":[{"href":"https:\/\/corrientesdetarde.com\/index.php\/wp-json\/wp\/v2\/media?parent=220948"}],"wp:term":[{"taxonomy":"category","embeddable":true,"href":"https:\/\/corrientesdetarde.com\/index.php\/wp-json\/wp\/v2\/categories?post=220948"},{"taxonomy":"post_tag","embeddable":true,"href":"https:\/\/corrientesdetarde.com\/index.php\/wp-json\/wp\/v2\/tags?post=220948"}],"curies":[{"name":"wp","href":"https:\/\/api.w.org\/{rel}","templated":true}]}}