{"id":220951,"date":"2025-08-07T00:37:08","date_gmt":"2025-08-07T03:37:08","guid":{"rendered":"https:\/\/corrientesdetarde.com\/?p=220951"},"modified":"2025-08-07T00:37:20","modified_gmt":"2025-08-07T03:37:20","slug":"incendio-forestal-arraso-mas-de-16-000-hectareas-en-el-sur-de-francia","status":"publish","type":"post","link":"https:\/\/corrientesdetarde.com\/index.php\/internacionales\/incendio-forestal-arraso-mas-de-16-000-hectareas-en-el-sur-de-francia\/","title":{"rendered":"Incendio forestal arras\u00f3 m\u00e1s de 16.000 hect\u00e1reas en el sur de Francia"},"content":{"rendered":"\n<h2 class=\"wp-block-heading\">El epicentro se produjo en Aude, cerca de la frontera con Andorra.<\/h2>\n\n\n\n<p>Un incendio forestal se desat\u00f3 este martes en&nbsp;<strong>Aude,<\/strong>&nbsp;en el sudoeste de Francia, y desde entonces&nbsp;<strong>han sido arrasadas m\u00e1s de 16.000 hect\u00e1reas de vegetaci\u00f3n, y una persona result\u00f3 muerta.<\/strong><\/p>\n\n\n\n<p><strong>El incendio ha cobrado una vida, la de una anciana que pereci\u00f3 en su hogar en Saint-Laurent-de-la-Cabrerisse.<\/strong><\/p>\n\n\n\n<p>El primer ministro de Francia,&nbsp;<strong>Francois Bayrou,<\/strong>&nbsp;dijo hoy que el incendio forestal actual en el departamento de Aude, cerca de la frontera con Andorra, constituye un&nbsp;<strong>&#8220;desastre a una escala sin precedentes&#8221;&nbsp;<\/strong>durante su visita al sitio.<\/p>\n\n\n\n<p>Cuando se le pregunt\u00f3 sobre la posible causa del incendio forestal en una conferencia de prensa,&nbsp;<strong>Bayrou dijo que probablemente fue causado por actividades en carreteras,&nbsp;<\/strong>pero no dio m\u00e1s detalles.<\/p>\n\n\n\n<p>Adem\u00e1s se\u00f1al\u00f3 que&nbsp;<strong>el calentamiento mundial y la sequ\u00eda<\/strong>&nbsp;tambi\u00e9n pudieron haber contribuido a la magnitud del incendio forestal.<\/p>\n\n\n\n<p>De acuerdo con BFMTV, los directores de la operaci\u00f3n de rescate indicaron que el incendio se ha propagado 28 kil\u00f3metros desde su punto de origen y actualmente se extiende a una velocidad de 5 a 6 kil\u00f3metros por hora.<\/p>\n","protected":false},"excerpt":{"rendered":"<p>El epicentro se produjo en Aude, cerca de la frontera con Andorra. Un incendio forestal se desat\u00f3 este martes en&nbsp;Aude,&nbsp;en el sudoeste de Francia, y desde entonces&nbsp;han sido arrasadas m\u00e1s&hellip; <\/p>\n","protected":false},"author":4,"featured_media":220952,"comment_status":"closed","ping_status":"open","sticky":false,"template":"","format":"standard","meta":{"footnotes":""},"categories":[11],"tags":[],"class_list":["post-220951","post","type-post","status-publish","format-standard","has-post-thumbnail","hentry","category-internacionales"],"_links":{"self":[{"href":"https:\/\/corrientesdetarde.com\/index.php\/wp-json\/wp\/v2\/posts\/220951","targetHints":{"allow":["GET"]}}],"collection":[{"href":"https:\/\/corrientesdetarde.com\/index.php\/wp-json\/wp\/v2\/posts"}],"about":[{"href":"https:\/\/corrientesdetarde.com\/index.php\/wp-json\/wp\/v2\/types\/post"}],"author":[{"embeddable":true,"href":"https:\/\/corrientesdetarde.com\/index.php\/wp-json\/wp\/v2\/users\/4"}],"replies":[{"embeddable":true,"href":"https:\/\/corrientesdetarde.com\/index.php\/wp-json\/wp\/v2\/comments?post=220951"}],"version-history":[{"count":1,"href":"https:\/\/corrientesdetarde.com\/index.php\/wp-json\/wp\/v2\/posts\/220951\/revisions"}],"predecessor-version":[{"id":220953,"href":"https:\/\/corrientesdetarde.com\/index.php\/wp-json\/wp\/v2\/posts\/220951\/revisions\/220953"}],"wp:featuredmedia":[{"embeddable":true,"href":"https:\/\/corrientesdetarde.com\/index.php\/wp-json\/wp\/v2\/media\/220952"}],"wp:attachment":[{"href":"https:\/\/corrientesdetarde.com\/index.php\/wp-json\/wp\/v2\/media?parent=220951"}],"wp:term":[{"taxonomy":"category","embeddable":true,"href":"https:\/\/corrientesdetarde.com\/index.php\/wp-json\/wp\/v2\/categories?post=220951"},{"taxonomy":"post_tag","embeddable":true,"href":"https:\/\/corrientesdetarde.com\/index.php\/wp-json\/wp\/v2\/tags?post=220951"}],"curies":[{"name":"wp","href":"https:\/\/api.w.org\/{rel}","templated":true}]}}