{"id":220955,"date":"2025-08-07T09:10:35","date_gmt":"2025-08-07T12:10:35","guid":{"rendered":"https:\/\/corrientesdetarde.com\/?p=220955"},"modified":"2025-08-07T09:11:05","modified_gmt":"2025-08-07T12:11:05","slug":"alumnas-se-agarraron-a-golpes-a-la-salida-de-la-escuela","status":"publish","type":"post","link":"https:\/\/corrientesdetarde.com\/index.php\/locales\/alumnas-se-agarraron-a-golpes-a-la-salida-de-la-escuela\/","title":{"rendered":"Alumnas se agarraron a golpes a la salida de la escuela"},"content":{"rendered":"\n<p>Dos hechos de extrema violencia el mismo d\u00eda. Alumnos varones y mujeres del Colegio Secundario Santa Rita, ubicado en el barrio hom\u00f3nimo, y estudiantes de la Escuela T\u00e9cnica &#8220;Fray Luis Beltran&#8221;, dirimieron sus diferencias a las pi\u00f1as, dentro y fuera de los respectivos establecimientos y que terminaron con algunos de los alumnos con lesiones en rostro y cabeza, adem\u00e1s de cortantes. Los hechos causaron estupor entre los tutores, luego de que los videos de los incidentes se viralizaran, inicialmente entre los j\u00f3venes y en redes sociales; exponiendo un flagelo que crece preocupantemente en el claustro educativo.<\/p>\n\n\n\n<p>Problemas de convivencia. Simples intercambio de opiniones y hasta los reposteos o comentarios subidos de tono en las redes sociales, lugar predilecto por los adolescentes para desafiarse a pelear. Cualquier cosa es motivo suficiente para que entre los propios alumnos estalle la bronca y desate una batalla campal dentro de los patios y pasillos de los establecimientos educativos, bajo la arenga de quienes aprovechan la situaci\u00f3n para filmar y viralizar aquellos choques violentos en los propios grupos y seguir acrecentando las diferencias.<\/p>\n\n\n\n<p>Esto sucedi\u00f3 el martes en el Colegio Secundario Santa Rita, ubicado por avenida Ra\u00fal Alfons\u00edn al 6800 en el lado norte del barrio que lleva el mismo nombre. Una veintena de adolescentes, algunos de a\u00f1os superiores, se trenzaron a golpes de pu\u00f1o, patadas y hasta con elementos punzocortantes a otros adolescentes, provoc\u00e1ndoles lesiones a dos menores de 15 y 16 a\u00f1os, aunque no revest\u00edan gravedad.<\/p>\n\n\n\n<p>Casi de inmediato otra pelea, pero esta vez entre alumnas del mismo colegio, compa\u00f1eras de los primeros implicados, tambi\u00e9n repitieron la escena. La escuela se encuentra ubicada justo en una l\u00ednea divisora de dos jurisdicciones policiales. La comisar\u00eda D\u00e9cima de un lado de la calle y la D\u00e9cimo Sexta del otro lado.<\/p>\n\n\n\n<p>Ayer, autoridades policiales tambi\u00e9n se reunieron para diagramar un operativo especial a la hora de ingreso y egreso de alumnos de aquel establecimiento, para evitar nuevas peleas entre los adolescentes.Dos hechos de extrema violencia el mismo d\u00eda. Alumnos varones y mujeres del Colegio Secundario Santa Rita, ubicado en el barrio hom\u00f3nimo, y estudiantes de la Escuela T\u00e9cnica &#8220;Fray Luis Beltran&#8221;, dirimieron sus diferencias a las pi\u00f1as, dentro y fuera de los respectivos establecimientos y que terminaron con algunos de los alumnos con lesiones en rostro y cabeza, adem\u00e1s de cortantes. Los hechos causaron estupor entre los tutores, luego de que los videos de los incidentes se viralizaran, inicialmente entre los j\u00f3venes y en redes sociales; exponiendo un flagelo que crece preocupantemente en el claustro educativo.<\/p>\n\n\n\n<p><\/p>\n\n\n\n<h2 class=\"wp-block-heading\">Tambi\u00e9n en la &#8220;Beltr\u00e1n&#8221;<\/h2>\n\n\n\n<p>Pero solo una hora m\u00e1s tarde, en el hall de ingreso a la Escuela T\u00e9cnica &#8220;Fray Lu\u00eds Beltr\u00e1n&#8221;, ubicada sobre avenida Independencia al 5700, la misma historia violenta se repet\u00eda y se viralizaba en videos grabados por los propios alumnos. En este caso, dos chicas menores de edad iniciaron una fuerte discusi\u00f3n y en segundos una pelea brutal y desigual, ya que otras dos amigas de una de ellas se involucraron y entre tres atacaron a golpes y patadas a otra.<\/p>\n\n\n\n<p>La jovencita termin\u00f3 con algunas contusiones en la cabeza, pero nadie la asisti\u00f3, ni fue trasladada a un centro asistencial para revisarle las heridas.<\/p>\n\n\n\n<p>Los tutores de este colegio tambi\u00e9n manifestaron su bronca a trav\u00e9s de las redes sociales y al igual que el colegio del barrio Santa Rita, denunciaron que las ri\u00f1as se repiten con mucha frecuencia y demasiada violencia entre los adolescentes.<\/p>\n\n\n\n<p>Esta escalada violenta preocupa a las autoridades de varios establecimientos educativos, quienes deben mediar entre los tutores y el pedido de fuertes sanciones a quienes alteren la paz institucional y lastimen a sus hijos.<\/p>\n\n\n\n<p>El Ministerio de Educaci\u00f3n analiza los casos y posibles medidas a tomar. Por el momento no hay expulsiones, indicaron allegados a ambas escuelas.<\/p>\n","protected":false},"excerpt":{"rendered":"<p>Dos hechos de extrema violencia el mismo d\u00eda. Alumnos varones y mujeres del Colegio Secundario Santa Rita, ubicado en el barrio hom\u00f3nimo, y estudiantes de la Escuela T\u00e9cnica &#8220;Fray Luis&hellip; <\/p>\n","protected":false},"author":1,"featured_media":220959,"comment_status":"closed","ping_status":"open","sticky":false,"template":"","format":"standard","meta":{"footnotes":""},"categories":[8],"tags":[],"class_list":["post-220955","post","type-post","status-publish","format-standard","has-post-thumbnail","hentry","category-locales"],"_links":{"self":[{"href":"https:\/\/corrientesdetarde.com\/index.php\/wp-json\/wp\/v2\/posts\/220955","targetHints":{"allow":["GET"]}}],"collection":[{"href":"https:\/\/corrientesdetarde.com\/index.php\/wp-json\/wp\/v2\/posts"}],"about":[{"href":"https:\/\/corrientesdetarde.com\/index.php\/wp-json\/wp\/v2\/types\/post"}],"author":[{"embeddable":true,"href":"https:\/\/corrientesdetarde.com\/index.php\/wp-json\/wp\/v2\/users\/1"}],"replies":[{"embeddable":true,"href":"https:\/\/corrientesdetarde.com\/index.php\/wp-json\/wp\/v2\/comments?post=220955"}],"version-history":[{"count":1,"href":"https:\/\/corrientesdetarde.com\/index.php\/wp-json\/wp\/v2\/posts\/220955\/revisions"}],"predecessor-version":[{"id":220960,"href":"https:\/\/corrientesdetarde.com\/index.php\/wp-json\/wp\/v2\/posts\/220955\/revisions\/220960"}],"wp:featuredmedia":[{"embeddable":true,"href":"https:\/\/corrientesdetarde.com\/index.php\/wp-json\/wp\/v2\/media\/220959"}],"wp:attachment":[{"href":"https:\/\/corrientesdetarde.com\/index.php\/wp-json\/wp\/v2\/media?parent=220955"}],"wp:term":[{"taxonomy":"category","embeddable":true,"href":"https:\/\/corrientesdetarde.com\/index.php\/wp-json\/wp\/v2\/categories?post=220955"},{"taxonomy":"post_tag","embeddable":true,"href":"https:\/\/corrientesdetarde.com\/index.php\/wp-json\/wp\/v2\/tags?post=220955"}],"curies":[{"name":"wp","href":"https:\/\/api.w.org\/{rel}","templated":true}]}}