{"id":221129,"date":"2025-08-07T22:48:12","date_gmt":"2025-08-08T01:48:12","guid":{"rendered":"https:\/\/corrientesdetarde.com\/?p=221129"},"modified":"2025-08-07T22:48:24","modified_gmt":"2025-08-08T01:48:24","slug":"fin-de-semana-con-propuestas-al-aire-libre-festivales-ferias-y-recorridas-por-la-naturaleza-2","status":"publish","type":"post","link":"https:\/\/corrientesdetarde.com\/index.php\/politica\/fin-de-semana-con-propuestas-al-aire-libre-festivales-ferias-y-recorridas-por-la-naturaleza-2\/","title":{"rendered":"Fin de semana con propuestas al aire libre: festivales, ferias y recorridas por la naturaleza"},"content":{"rendered":"\n<p>La Municipalidad de Corrientes diagram\u00f3 distintas actividades totalmente gratuitas y abiertas a todo p\u00fablico, que se desarrollar\u00e1n de viernes a domingo para chicos y grandes. Entre las propuestas habr\u00e1 ediciones especiales de Ciudad Dise\u00f1o y K-Anim\u00e9, de cara al D\u00eda de las Infancias. Adem\u00e1s, est\u00e1n previstos: &#8220;Corrientes Gin&#8221; con gastronom\u00eda y tragos, la celebraci\u00f3n japonesa Hanami Fest, visitas guiadas, ciclismo, entre varias otras.<\/p>\n\n\n\n<p>Como cada fin de semana, desde la Municipalidad de Corrientes se propone un amplio abanico de ofertas de recreaci\u00f3n y esparcimiento para grandes y chicos. Entre las alternativas habr\u00e1 visitas guiadas a la Reserva Municipal, a los mausoleos de la ciudad, ferias de artesanos, feria de emprendedores, muestra de la cultura alemana, celebraci\u00f3n japonesa, presentaci\u00f3n de libros, &#8220;Corrientes gin&#8221;, ciclismo, entre otras. Todas son totalmente gratuitas.<\/p>\n\n\n\n<p>El viernes, de 8.30 y 10.30, se realizar\u00e1n las visitas guiadas a la Reserva Natural Municipal &#8220;Santa Catalina&#8221;. Los interesados pueden inscribirse en ciudaddecorrientes.gov.ar\/reservasantacatalina o a trav\u00e9s del Muni Bot, opci\u00f3n 7.<\/p>\n\n\n\n<p>La tradicional Feria de Artesanos tendr\u00e1 lugar, de 9 a 22, en la plaza Cabral, como siempre con una amplia variedad de creaciones \u00fanicas y productos locales. Mientras que el s\u00e1bado y domingo, en el mismo horario, se trasladar\u00e1 a Costanera Sur y Las Heras, brindando una oportunidad para disfrutar del paseo junto al r\u00edo y descubrir piezas \u00fanicas realizadas por emprendedores locales. Se podr\u00e1n adquirir productos en cuero, madera, tejido, dulces regionales, comidas t\u00edpicas y floricultura.<\/p>\n\n\n\n<p>De 17 a 19 y, en el marco del ciclo &#8220;200 a\u00f1os de amistad&#8221; se llevar\u00e1 adelante la muestra sobre el bicentenario de la Inmigraci\u00f3n Alemana en Argentina en el Centro Cultural Adolfo Mors (Pellegrini 542). En tanto que de 19 a 20.30 se presentar\u00e1 la novela &#8220;Universo, el espejo de nuestra alma&#8221; de Zamira Bittar Barrientos en Casa Molinas (Pellegrini 937).<\/p>\n\n\n\n<p>El s\u00e1bado 9, de 15 a 17, en la biblioteca El Palomar del parque Mitre se llevar\u00e1 adelante la primera actividad en el marco de la propuesta &#8220;El Contte te cuenta cuentos&#8221;. Alumnos del Instituto Superior Josefina Contte contar\u00e1n cuentos a ni\u00f1os, a trav\u00e9s de t\u00edteres y narraciones en lenguajes art\u00edsticos e idiomas como ingl\u00e9s, franc\u00e9s, italiano y portugu\u00e9s.<\/p>\n\n\n\n<p>De 16 a 22, se desarrollar\u00e1 &#8220;My Cypher&#8221; en la plaza Cabral, un encuentro de all style, breaking, popping, locking y DJ en vivo.<\/p>\n\n\n\n<p>Luego, desde las 19, en el Paseo del Empleado Municipal (Av. Costanera y Chaco), en Punta Tacuara tendr\u00e1 lugar una nueva edici\u00f3n de &#8220;Corrientes Gin&#8221; con stands de emprendedores, Djs, cerveza artesanal y patio gastron\u00f3mico.<\/p>\n\n\n\n<p>El domingo 10, de 7 a 14, se llevar\u00e1 adelante la 5\u00aa Fecha del Campeonato &#8220;MTB Costa del Paran\u00e1 2025&#8221;. Una carrera en las categor\u00edas: libres, master, master invitados y mountain bike en el Camping Club Vial (zona Perich\u00f3n).<\/p>\n\n\n\n<p>De 15 a 21, en el parque Camba Cu\u00e1 (zona pilet\u00f3n) ser\u00e1 el turno de la Feria K \u2013 Anim\u00e9, edici\u00f3n especial por el D\u00eda de las Infancias, con random play dance, juego exo, concurso de K-pop solista, concurso de cosplay kids y adulto.<\/p>\n\n\n\n<p>HANAMI FEST 2025<\/p>\n\n\n\n<p>De 15 a 23 en el anfiteatro Jos\u00e9 Hern\u00e1ndez (Av. Costanera Gral. San Mart\u00edn entre Don Bosco y Pago Largo) se realizar\u00e1 la celebraci\u00f3n de la floraci\u00f3n del cerezo -similar a la flor del lapacho-, denominada &#8220;Hanami Fest 2025&#8221; con shows en vivo, feria de comida japonesa, danzas tradicionales, taiko (tambores japoneses) y stands de emprendedores: origami, caligraf\u00edas y m\u00e1s.<\/p>\n\n\n\n<p>Un abanico de interesantes propuestas para conocer sobre la cultura japonesa. La jornada contar\u00e1 con las actuaciones de Shirayurikai-Sakura no kai (Buenos Aires), Ryuujin Daiko (Jard\u00edn Am\u00e9rica, Misiones), Ryukyukoku Matsuridaiko (Buenos Aires), Paraguay Uta Aikookai (Paraguay) y de Corrientes Yoshitharo Kuroki, Pieris Jap\u00f3nica y Yokai Bando. Adem\u00e1s de demostraci\u00f3n de artes marciales como aikido, karate y kendo.<\/p>\n\n\n\n<p>En cuanto a la gastronom\u00eda, se podr\u00e1 degustar y adquirir platos t\u00edpicos como karaage, tempura, yakisoba, makizushi y onigiri, omusubi, adem\u00e1s de bandejas de dulces con masas rellenas de crema de lim\u00f3n, dulce de leche, entre otros. Al respecto, para una mejor organizaci\u00f3n y no quedarse sin stock, desde la Asociaci\u00f3n recomendaron reservar la comida con antelaci\u00f3n a trav\u00e9s de la preventa, comunic\u00e1ndose al 3794-379475.<\/p>\n\n\n\n<p>DISE\u00d1O Y PE\u00d1A<\/p>\n\n\n\n<p>En otro de los maravillosos espacios al aire libre de la ciudad, el paseo Terrazas del Paran\u00e1 (Av. Costanera y Thomas Edison) se realizar\u00e1 una nueva edici\u00f3n de Ciudad de Dise\u00f1o &#8220;Edici\u00f3n D\u00eda de las Infancias&#8221;, de 16 a 21. Habr\u00e1 emprendedores locales y patio gastron\u00f3mico. Una excelente oportunidad para buscar regalos para los m\u00e1s chicos de las familias.<\/p>\n\n\n\n<p>En el Monumento a la Madre (Av. Costanera y Salta), desde las 15.30 y en el marco de &#8220;La Semana Mundial de la Lactancia Materna&#8221; se desarrollar\u00e1 la jornada &#8220;&#8221;Mate cocido, teta y torta frita&#8221;.<\/p>\n\n\n\n<p>Desde las 17 en la Pe\u00f1a Oficial de la Ciudad de la rotonda plaza Espa\u00f1a (Av. Pujol y Carlos Pellegrini) actuar\u00e1n: el elenco municipal &#8220;Los del Paran\u00e1&#8221;, el ballet folkl\u00f3rico municipal &#8220;Las 7 Corrientes&#8221;, Norma Rodr\u00edguez, Kevin Gonz\u00e1lez, Los Kara\u00ed del Chamam\u00e9, La Uni\u00f3n del Paran\u00e1 y La Pura. Habr\u00e1 tambi\u00e9n ferias gastron\u00f3micas y emprendedoras.<\/p>\n\n\n\n<p>VISITAS GUIADAS<\/p>\n\n\n\n<p>El s\u00e1bado 9 se realizar\u00e1 el habitual circuito tur\u00edstico &#8220;Descubr\u00ed Corrientes&#8221; con un recorrido guiado por los atractivos de la ciudad. En esta oportunidad ser\u00e1 en la plaza 25 de Mayo y sus alrededores, con el punto de encuentro en el Monumento al General San Mart\u00edn, de 18 a 20.<\/p>\n\n\n\n<p>Asimismo, el domingo 10 la visita guiada ser\u00e1 al cementerio San Juan Bautista, de 18 a 20, donde se hablar\u00e1 sobre historia, mitos y leyendas. &nbsp;La Municipalidad pondr\u00e1 a disposici\u00f3n un colectivo con salida desde la iglesia Catedral, a las 17.30 (puntual). &nbsp;Inscripci\u00f3n: https:\/\/visitcorrientes.tur.ar\/descubri\/<\/p>\n","protected":false},"excerpt":{"rendered":"<p>La Municipalidad de Corrientes diagram\u00f3 distintas actividades totalmente gratuitas y abiertas a todo p\u00fablico, que se desarrollar\u00e1n de viernes a domingo para chicos y grandes. Entre las propuestas habr\u00e1 ediciones&hellip; <\/p>\n","protected":false},"author":4,"featured_media":221130,"comment_status":"closed","ping_status":"open","sticky":false,"template":"","format":"standard","meta":{"footnotes":""},"categories":[3],"tags":[],"class_list":["post-221129","post","type-post","status-publish","format-standard","has-post-thumbnail","hentry","category-politica"],"_links":{"self":[{"href":"https:\/\/corrientesdetarde.com\/index.php\/wp-json\/wp\/v2\/posts\/221129","targetHints":{"allow":["GET"]}}],"collection":[{"href":"https:\/\/corrientesdetarde.com\/index.php\/wp-json\/wp\/v2\/posts"}],"about":[{"href":"https:\/\/corrientesdetarde.com\/index.php\/wp-json\/wp\/v2\/types\/post"}],"author":[{"embeddable":true,"href":"https:\/\/corrientesdetarde.com\/index.php\/wp-json\/wp\/v2\/users\/4"}],"replies":[{"embeddable":true,"href":"https:\/\/corrientesdetarde.com\/index.php\/wp-json\/wp\/v2\/comments?post=221129"}],"version-history":[{"count":1,"href":"https:\/\/corrientesdetarde.com\/index.php\/wp-json\/wp\/v2\/posts\/221129\/revisions"}],"predecessor-version":[{"id":221131,"href":"https:\/\/corrientesdetarde.com\/index.php\/wp-json\/wp\/v2\/posts\/221129\/revisions\/221131"}],"wp:featuredmedia":[{"embeddable":true,"href":"https:\/\/corrientesdetarde.com\/index.php\/wp-json\/wp\/v2\/media\/221130"}],"wp:attachment":[{"href":"https:\/\/corrientesdetarde.com\/index.php\/wp-json\/wp\/v2\/media?parent=221129"}],"wp:term":[{"taxonomy":"category","embeddable":true,"href":"https:\/\/corrientesdetarde.com\/index.php\/wp-json\/wp\/v2\/categories?post=221129"},{"taxonomy":"post_tag","embeddable":true,"href":"https:\/\/corrientesdetarde.com\/index.php\/wp-json\/wp\/v2\/tags?post=221129"}],"curies":[{"name":"wp","href":"https:\/\/api.w.org\/{rel}","templated":true}]}}