{"id":221156,"date":"2025-08-08T06:48:10","date_gmt":"2025-08-08T09:48:10","guid":{"rendered":"https:\/\/corrientesdetarde.com\/?p=221156"},"modified":"2025-08-08T06:48:13","modified_gmt":"2025-08-08T09:48:13","slug":"este-viernes-quedara-inaugurada-la-comisaria-del-campus-universitario","status":"publish","type":"post","link":"https:\/\/corrientesdetarde.com\/index.php\/policiales\/este-viernes-quedara-inaugurada-la-comisaria-del-campus-universitario\/","title":{"rendered":"Este viernes quedar\u00e1 inaugurada la comisar\u00eda del campus universitario"},"content":{"rendered":"\n<p>La inauguraci\u00f3n ser\u00e1 encabezada por el gobernador Gustavo Vald\u00e9s&nbsp;<\/p>\n\n\n\n<p>Este viernes 8, el gobernador Gustavo Vald\u00e9s desarrollar\u00e1 actividades oficiales en la ciudad de Corrientes. A las 12 de la ma\u00f1ana, encabezar\u00e1 la inauguraci\u00f3n de la Comisar\u00eda N\u00ba 24, ubicada en el predio de la Universidad Nacional del Nordeste, Campus &#8220;Deodoro Roca&#8221;.<\/p>\n\n\n\n<p>La nueva dependencia policial forma parte del plan provincial de fortalecimiento de la seguridad, con el objetivo de brindar una mayor cobertura preventiva y de respuesta a la comunidad, en articulaci\u00f3n con instituciones educativas y barriales.<\/p>\n","protected":false},"excerpt":{"rendered":"<p>La inauguraci\u00f3n ser\u00e1 encabezada por el gobernador Gustavo Vald\u00e9s&nbsp; Este viernes 8, el gobernador Gustavo Vald\u00e9s desarrollar\u00e1 actividades oficiales en la ciudad de Corrientes. A las 12 de la ma\u00f1ana,&hellip; <\/p>\n","protected":false},"author":4,"featured_media":221157,"comment_status":"closed","ping_status":"open","sticky":false,"template":"","format":"standard","meta":{"footnotes":""},"categories":[33],"tags":[],"class_list":["post-221156","post","type-post","status-publish","format-standard","has-post-thumbnail","hentry","category-policiales"],"_links":{"self":[{"href":"https:\/\/corrientesdetarde.com\/index.php\/wp-json\/wp\/v2\/posts\/221156","targetHints":{"allow":["GET"]}}],"collection":[{"href":"https:\/\/corrientesdetarde.com\/index.php\/wp-json\/wp\/v2\/posts"}],"about":[{"href":"https:\/\/corrientesdetarde.com\/index.php\/wp-json\/wp\/v2\/types\/post"}],"author":[{"embeddable":true,"href":"https:\/\/corrientesdetarde.com\/index.php\/wp-json\/wp\/v2\/users\/4"}],"replies":[{"embeddable":true,"href":"https:\/\/corrientesdetarde.com\/index.php\/wp-json\/wp\/v2\/comments?post=221156"}],"version-history":[{"count":1,"href":"https:\/\/corrientesdetarde.com\/index.php\/wp-json\/wp\/v2\/posts\/221156\/revisions"}],"predecessor-version":[{"id":221158,"href":"https:\/\/corrientesdetarde.com\/index.php\/wp-json\/wp\/v2\/posts\/221156\/revisions\/221158"}],"wp:featuredmedia":[{"embeddable":true,"href":"https:\/\/corrientesdetarde.com\/index.php\/wp-json\/wp\/v2\/media\/221157"}],"wp:attachment":[{"href":"https:\/\/corrientesdetarde.com\/index.php\/wp-json\/wp\/v2\/media?parent=221156"}],"wp:term":[{"taxonomy":"category","embeddable":true,"href":"https:\/\/corrientesdetarde.com\/index.php\/wp-json\/wp\/v2\/categories?post=221156"},{"taxonomy":"post_tag","embeddable":true,"href":"https:\/\/corrientesdetarde.com\/index.php\/wp-json\/wp\/v2\/tags?post=221156"}],"curies":[{"name":"wp","href":"https:\/\/api.w.org\/{rel}","templated":true}]}}