{"id":221207,"date":"2025-08-08T10:04:45","date_gmt":"2025-08-08T13:04:45","guid":{"rendered":"https:\/\/corrientesdetarde.com\/?p=221207"},"modified":"2025-08-08T10:04:46","modified_gmt":"2025-08-08T13:04:46","slug":"rusia-dio-detalles-de-la-fecha-del-esperado-encuentro-entre-putin-y-trump","status":"publish","type":"post","link":"https:\/\/corrientesdetarde.com\/index.php\/internacionales\/rusia-dio-detalles-de-la-fecha-del-esperado-encuentro-entre-putin-y-trump\/","title":{"rendered":"Rusia dio detalles de la fecha del esperado encuentro entre Putin y Trump"},"content":{"rendered":"\n<p>El presidente de Rusia y su par de Estados Unidos se preparan para un encuentro que tendr\u00e1 como objetivo avanzar sobre una tregua en el frente.<\/p>\n\n\n\n<p>La guerra entre Rusia y Ucrania podr\u00eda atravesar horas decisivas para conseguir una esperada tregua en el frente de batalla. En las \u00faltimas horas, se conocieron detalles de la cumbre que encabezar\u00e1n Vladimir Putin y Donald Trump.<\/p>\n\n\n\n<p>El presidente de Rusia y Estados Unidos se encontrar\u00e1n en los pr\u00f3ximos d\u00edas, seg\u00fan expres\u00f3 Yuri Ushakov, asesor del Kremlin para pol\u00edtica internacional.<\/p>\n\n\n\n<p>&#8220;La fecha aproximada se fij\u00f3 para la pr\u00f3xima semana, pero las partes est\u00e1n empezando a prepararse para esta importante reuni\u00f3n y es dif\u00edcil predecir cu\u00e1ntos d\u00edas llevar\u00e1n sus preparativos&#8221;, expres\u00f3 Ushakov. Acerca del sitio de la reuni\u00f3n. indic\u00f3 que &#8220;tambi\u00e9n fue, en principio, acordada, pero informaremos de ello un poco m\u00e1s tarde&#8221;.<\/p>\n\n\n\n<p>Destac\u00f3 que la propuesta de celebrar una cumbre entre Putin y Trump es de la Casa Blanca, cuyo emisario especial, Steve Witkoff, se reuni\u00f3 el mi\u00e9rcoles con el l\u00edder ruso en el Kremlin. &#8220;Lo importante es que esta reuni\u00f3n sea exitosa y productiva&#8221;, subray\u00f3.<\/p>\n\n\n\n<p>En cuanto a una futura reuni\u00f3n entre ambos mandatarios y el presidente ucraniano, Volod\u00edmir Zelenski, tambi\u00e9n puesta sobre la mesa por Witkoff en el Kremlin, aclar\u00f3: &#8220;La parte rusa dej\u00f3 esa posibilidad totalmente sin comentarios&#8221;.<\/p>\n\n\n\n<p>Tras la reuni\u00f3n entre Putin y el emisario de Trump, se calific\u00f3 como &#8220;constructiva&#8221; la situaci\u00f3n. Ushakov sigui\u00f3: &#8220;Considero que ambas partes pueden sentirse satisfechos con el resultado de la conversaci\u00f3n&#8221;.<\/p>\n\n\n\n<p>Trump, que ha mantenido seis conversaciones telef\u00f3nicas con Putin desde principios de a\u00f1o, hab\u00eda dicho la v\u00edspera que exist\u00edan &#8220;muchas posibilidades&#8221; de que la reuni\u00f3n tuviera lugar &#8220;muy pronto&#8221;. Putin no se re\u00fane con un l\u00edder estadounidense desde la cumbre celebrada con Joe Biden en junio de 2021 en Ginebra, mientras se vio por \u00faltima vez las caras con Trump en junio de 2019, encuentro celebrado en Helsinki.<\/p>\n","protected":false},"excerpt":{"rendered":"<p>El presidente de Rusia y su par de Estados Unidos se preparan para un encuentro que tendr\u00e1 como objetivo avanzar sobre una tregua en el frente. La guerra entre Rusia&hellip; <\/p>\n","protected":false},"author":3,"featured_media":221223,"comment_status":"closed","ping_status":"open","sticky":false,"template":"","format":"standard","meta":{"footnotes":""},"categories":[11],"tags":[],"class_list":["post-221207","post","type-post","status-publish","format-standard","has-post-thumbnail","hentry","category-internacionales"],"_links":{"self":[{"href":"https:\/\/corrientesdetarde.com\/index.php\/wp-json\/wp\/v2\/posts\/221207","targetHints":{"allow":["GET"]}}],"collection":[{"href":"https:\/\/corrientesdetarde.com\/index.php\/wp-json\/wp\/v2\/posts"}],"about":[{"href":"https:\/\/corrientesdetarde.com\/index.php\/wp-json\/wp\/v2\/types\/post"}],"author":[{"embeddable":true,"href":"https:\/\/corrientesdetarde.com\/index.php\/wp-json\/wp\/v2\/users\/3"}],"replies":[{"embeddable":true,"href":"https:\/\/corrientesdetarde.com\/index.php\/wp-json\/wp\/v2\/comments?post=221207"}],"version-history":[{"count":1,"href":"https:\/\/corrientesdetarde.com\/index.php\/wp-json\/wp\/v2\/posts\/221207\/revisions"}],"predecessor-version":[{"id":221250,"href":"https:\/\/corrientesdetarde.com\/index.php\/wp-json\/wp\/v2\/posts\/221207\/revisions\/221250"}],"wp:featuredmedia":[{"embeddable":true,"href":"https:\/\/corrientesdetarde.com\/index.php\/wp-json\/wp\/v2\/media\/221223"}],"wp:attachment":[{"href":"https:\/\/corrientesdetarde.com\/index.php\/wp-json\/wp\/v2\/media?parent=221207"}],"wp:term":[{"taxonomy":"category","embeddable":true,"href":"https:\/\/corrientesdetarde.com\/index.php\/wp-json\/wp\/v2\/categories?post=221207"},{"taxonomy":"post_tag","embeddable":true,"href":"https:\/\/corrientesdetarde.com\/index.php\/wp-json\/wp\/v2\/tags?post=221207"}],"curies":[{"name":"wp","href":"https:\/\/api.w.org\/{rel}","templated":true}]}}