{"id":221225,"date":"2025-08-08T11:04:05","date_gmt":"2025-08-08T14:04:05","guid":{"rendered":"https:\/\/corrientesdetarde.com\/?p=221225"},"modified":"2025-08-08T11:04:09","modified_gmt":"2025-08-08T14:04:09","slug":"pese-a-las-dudas-masterchef-celebrity-volvera-a-telefe-con-nueva-temporada","status":"publish","type":"post","link":"https:\/\/corrientesdetarde.com\/index.php\/espectaculos\/pese-a-las-dudas-masterchef-celebrity-volvera-a-telefe-con-nueva-temporada\/","title":{"rendered":"Pese a las dudas, MasterChef Celebrity volver\u00e1 a Telefe con nueva temporada"},"content":{"rendered":"\n<p>El exitoso reality de cocina regresar\u00e1 a la pantalla chica en la \u00faltima parte del a\u00f1o. La conducci\u00f3n y el jurado repetir\u00e1n f\u00f3rmula, mientras que el casting promete dar que hablar.<\/p>\n\n\n\n<p>Telefe ya tiene todo listo para el regreso de MasterChef Celebrity, que volver\u00e1 con una nueva temporada en el \u00faltimo trimestre de 2025. Las grabaciones comenzar\u00e1n el 30 de septiembre, justo despu\u00e9s de la entrega de los premios Mart\u00edn Fierro, y el estreno est\u00e1 previsto para mediados de octubre, una vez que finalice La Voz Argentina.<\/p>\n\n\n\n<p>Wanda Nara volver\u00e1 a ponerse al frente del programa, mientras que el jurado seguir\u00e1 integrado por Dami\u00e1n Betular, Germ\u00e1n Martitegui y Donato De Santis, el tr\u00edo que se convirti\u00f3 en sello del formato en ediciones anteriores.<\/p>\n\n\n\n<p>La competencia reunir\u00e1 a 24 personalidades del mundo del espect\u00e1culo. Entre los nombres que est\u00e1n en conversaciones aparecen Luis Ventura, Lucila &#8220;La Tora&#8221; Villar, Fernando Dente, Lizy Tagliani, Graciela Alfano, Emilia Attias, Roly Serrano, Momi Giardina, La Joaqui, Sofi Mart\u00ednez y Pablo Rago, entre otros.<\/p>\n\n\n\n<p>Aunque inicialmente se baraj\u00f3 la posibilidad de postergar el programa hasta 2026, fuentes cercanas a la producci\u00f3n confirmaron que se mantendr\u00e1 en la grilla de este a\u00f1o. Incluso se evalu\u00f3 reemplazarlo por La Voz Senior, una versi\u00f3n del certamen musical para adultos mayores, pero esa idea qued\u00f3 descartada por ahora.<\/p>\n\n\n\n<p>En cuanto a los participantes, trascendi\u00f3 que Luis Ventura ya fue contactado, aunque su participaci\u00f3n depender\u00e1 de la autorizaci\u00f3n de Am\u00e9rica TV, canal con el que a\u00fan tiene contrato vigente.<\/p>\n","protected":false},"excerpt":{"rendered":"<p>El exitoso reality de cocina regresar\u00e1 a la pantalla chica en la \u00faltima parte del a\u00f1o. La conducci\u00f3n y el jurado repetir\u00e1n f\u00f3rmula, mientras que el casting promete dar que&hellip; <\/p>\n","protected":false},"author":3,"featured_media":221241,"comment_status":"closed","ping_status":"open","sticky":false,"template":"","format":"standard","meta":{"footnotes":""},"categories":[19],"tags":[],"class_list":["post-221225","post","type-post","status-publish","format-standard","has-post-thumbnail","hentry","category-espectaculos"],"_links":{"self":[{"href":"https:\/\/corrientesdetarde.com\/index.php\/wp-json\/wp\/v2\/posts\/221225","targetHints":{"allow":["GET"]}}],"collection":[{"href":"https:\/\/corrientesdetarde.com\/index.php\/wp-json\/wp\/v2\/posts"}],"about":[{"href":"https:\/\/corrientesdetarde.com\/index.php\/wp-json\/wp\/v2\/types\/post"}],"author":[{"embeddable":true,"href":"https:\/\/corrientesdetarde.com\/index.php\/wp-json\/wp\/v2\/users\/3"}],"replies":[{"embeddable":true,"href":"https:\/\/corrientesdetarde.com\/index.php\/wp-json\/wp\/v2\/comments?post=221225"}],"version-history":[{"count":1,"href":"https:\/\/corrientesdetarde.com\/index.php\/wp-json\/wp\/v2\/posts\/221225\/revisions"}],"predecessor-version":[{"id":221254,"href":"https:\/\/corrientesdetarde.com\/index.php\/wp-json\/wp\/v2\/posts\/221225\/revisions\/221254"}],"wp:featuredmedia":[{"embeddable":true,"href":"https:\/\/corrientesdetarde.com\/index.php\/wp-json\/wp\/v2\/media\/221241"}],"wp:attachment":[{"href":"https:\/\/corrientesdetarde.com\/index.php\/wp-json\/wp\/v2\/media?parent=221225"}],"wp:term":[{"taxonomy":"category","embeddable":true,"href":"https:\/\/corrientesdetarde.com\/index.php\/wp-json\/wp\/v2\/categories?post=221225"},{"taxonomy":"post_tag","embeddable":true,"href":"https:\/\/corrientesdetarde.com\/index.php\/wp-json\/wp\/v2\/tags?post=221225"}],"curies":[{"name":"wp","href":"https:\/\/api.w.org\/{rel}","templated":true}]}}