{"id":221229,"date":"2025-08-08T11:04:02","date_gmt":"2025-08-08T14:04:02","guid":{"rendered":"https:\/\/corrientesdetarde.com\/?p=221229"},"modified":"2025-08-08T11:04:04","modified_gmt":"2025-08-08T14:04:04","slug":"ayuda-solidaria-para-olivia-internada-en-el-garrahan","status":"publish","type":"post","link":"https:\/\/corrientesdetarde.com\/index.php\/informacion-general\/ayuda-solidaria-para-olivia-internada-en-el-garrahan\/","title":{"rendered":"Ayuda solidaria para Olivia internada en el Garrahan"},"content":{"rendered":"\n<p>Olivia Valentina Gonz\u00e1lez tiene 11 meses y fue trasladada de urgencia al Hospital pedi\u00e1trico Garrahan por un diagn\u00f3stico de Hepatitis. Se encuentra en terapia intensiva.&nbsp;<\/p>\n\n\n\n<p>La familia de Olivia debe afrontar importantes gastos al ser de Corrientes y viajaron con lo puesto ante la urgencia del cuadro de la peque\u00f1a. Es por ello que lanzaron una colecta solidaria a trav\u00e9s de una cuenta de Mercado Pago. &#8220;Con lo que puedan colaborar ser\u00e1 de mucha ayuda para la familia de Olivia&#8221;, destac\u00f3 una amiga.<\/p>\n\n\n\n<p>Quienes deseen aportar pueden hacerlo al Alias: Olivia.v07 (a nombre de Yaqueline Sof\u00eda Gonz\u00e1lez).<\/p>\n","protected":false},"excerpt":{"rendered":"<p>Olivia Valentina Gonz\u00e1lez tiene 11 meses y fue trasladada de urgencia al Hospital pedi\u00e1trico Garrahan por un diagn\u00f3stico de Hepatitis. Se encuentra en terapia intensiva.&nbsp; La familia de Olivia debe&hellip; <\/p>\n","protected":false},"author":3,"featured_media":221239,"comment_status":"closed","ping_status":"open","sticky":false,"template":"","format":"standard","meta":{"footnotes":""},"categories":[1],"tags":[],"class_list":["post-221229","post","type-post","status-publish","format-standard","has-post-thumbnail","hentry","category-informacion-general"],"_links":{"self":[{"href":"https:\/\/corrientesdetarde.com\/index.php\/wp-json\/wp\/v2\/posts\/221229","targetHints":{"allow":["GET"]}}],"collection":[{"href":"https:\/\/corrientesdetarde.com\/index.php\/wp-json\/wp\/v2\/posts"}],"about":[{"href":"https:\/\/corrientesdetarde.com\/index.php\/wp-json\/wp\/v2\/types\/post"}],"author":[{"embeddable":true,"href":"https:\/\/corrientesdetarde.com\/index.php\/wp-json\/wp\/v2\/users\/3"}],"replies":[{"embeddable":true,"href":"https:\/\/corrientesdetarde.com\/index.php\/wp-json\/wp\/v2\/comments?post=221229"}],"version-history":[{"count":1,"href":"https:\/\/corrientesdetarde.com\/index.php\/wp-json\/wp\/v2\/posts\/221229\/revisions"}],"predecessor-version":[{"id":221251,"href":"https:\/\/corrientesdetarde.com\/index.php\/wp-json\/wp\/v2\/posts\/221229\/revisions\/221251"}],"wp:featuredmedia":[{"embeddable":true,"href":"https:\/\/corrientesdetarde.com\/index.php\/wp-json\/wp\/v2\/media\/221239"}],"wp:attachment":[{"href":"https:\/\/corrientesdetarde.com\/index.php\/wp-json\/wp\/v2\/media?parent=221229"}],"wp:term":[{"taxonomy":"category","embeddable":true,"href":"https:\/\/corrientesdetarde.com\/index.php\/wp-json\/wp\/v2\/categories?post=221229"},{"taxonomy":"post_tag","embeddable":true,"href":"https:\/\/corrientesdetarde.com\/index.php\/wp-json\/wp\/v2\/tags?post=221229"}],"curies":[{"name":"wp","href":"https:\/\/api.w.org\/{rel}","templated":true}]}}