{"id":221256,"date":"2025-08-08T11:04:57","date_gmt":"2025-08-08T14:04:57","guid":{"rendered":"https:\/\/corrientesdetarde.com\/?p=221256"},"modified":"2025-08-08T11:04:58","modified_gmt":"2025-08-08T14:04:58","slug":"la-junta-electoral-provincial-avanza-en-el-armado-de-urnas-para-las-elecciones","status":"publish","type":"post","link":"https:\/\/corrientesdetarde.com\/index.php\/politica\/la-junta-electoral-provincial-avanza-en-el-armado-de-urnas-para-las-elecciones\/","title":{"rendered":"La Junta Electoral Provincial avanza en el armado de urnas para las elecciones"},"content":{"rendered":"\n<p>Con un trabajo coordinado y sostenido, la Junta Electoral de la provincia de Corrientes cumple con las etapas del calendario electoral de cara a los comicios provinciales que se realizar\u00e1n el pr\u00f3ximo 31 de agosto.<\/p>\n\n\n\n<p>En el segundo subsuelo del edificio del Poder Judicial, ubicado en 9 de Julio y San Juan, el equipo de log\u00edstica y armado de urnas lleva adelante la confecci\u00f3n del material que ser\u00e1 distribuido en las escuelas de la capital y del interior provincial.<\/p>\n\n\n\n<p>El licenciado Augusto Daniel Godoy, encargado de log\u00edstica e integrante de la Junta Electoral Provincial, inform\u00f3 que se est\u00e1n preparando 2.808 urnas en total: 905 destinadas a la ciudad de Corrientes y 1.903 al interior.<\/p>\n\n\n\n<figure class=\"wp-block-image\"><img decoding=\"async\" src=\"https:\/\/www.diarioepoca.com\/content\/bucket\/5\/1442655w790h444c.jpg.webp\" alt=\"\"\/><\/figure>\n\n\n\n<p>En estos comicios se elegir\u00e1 gobernador y vicegobernador, 15 bancas de diputados provinciales, 5 de senadores provinciales, intendentes, viceintendentes y concejales en 73 municipios, convencionales constituyentes en Empedrado, un juez de faltas en San Miguel y un defensor de los vecinos en 9 de Julio. Adem\u00e1s, por primera vez elegir\u00e1n a sus autoridades los municipios de Cecilio Echeverr\u00eda y Cazadores Correntinos.<\/p>\n\n\n\n<figure class=\"wp-block-image\"><img decoding=\"async\" src=\"https:\/\/www.diarioepoca.com\/content\/bucket\/4\/1442654w790h444c.jpg.webp\" alt=\"\"\/><\/figure>\n\n\n\n<p>Actualmente, en el \u00e1rea de log\u00edstica y armado trabajan 44 personas, organizadas en dos turnos de 22 integrantes cada uno, con participaci\u00f3n de hombres y mujeres.<\/p>\n\n\n\n<p>Para cumplir con los plazos establecidos, los empleados judiciales y miembros de la Junta Electoral provincial trabajan de lunes a lunes, incluyendo feriados, con el objetivo de garantizar que todo el material llegue en tiempo y forma a cada mesa de votaci\u00f3n.<\/p>\n","protected":false},"excerpt":{"rendered":"<p>Con un trabajo coordinado y sostenido, la Junta Electoral de la provincia de Corrientes cumple con las etapas del calendario electoral de cara a los comicios provinciales que se realizar\u00e1n&hellip; <\/p>\n","protected":false},"author":3,"featured_media":221259,"comment_status":"closed","ping_status":"open","sticky":false,"template":"","format":"standard","meta":{"footnotes":""},"categories":[3],"tags":[],"class_list":["post-221256","post","type-post","status-publish","format-standard","has-post-thumbnail","hentry","category-politica"],"_links":{"self":[{"href":"https:\/\/corrientesdetarde.com\/index.php\/wp-json\/wp\/v2\/posts\/221256","targetHints":{"allow":["GET"]}}],"collection":[{"href":"https:\/\/corrientesdetarde.com\/index.php\/wp-json\/wp\/v2\/posts"}],"about":[{"href":"https:\/\/corrientesdetarde.com\/index.php\/wp-json\/wp\/v2\/types\/post"}],"author":[{"embeddable":true,"href":"https:\/\/corrientesdetarde.com\/index.php\/wp-json\/wp\/v2\/users\/3"}],"replies":[{"embeddable":true,"href":"https:\/\/corrientesdetarde.com\/index.php\/wp-json\/wp\/v2\/comments?post=221256"}],"version-history":[{"count":1,"href":"https:\/\/corrientesdetarde.com\/index.php\/wp-json\/wp\/v2\/posts\/221256\/revisions"}],"predecessor-version":[{"id":221260,"href":"https:\/\/corrientesdetarde.com\/index.php\/wp-json\/wp\/v2\/posts\/221256\/revisions\/221260"}],"wp:featuredmedia":[{"embeddable":true,"href":"https:\/\/corrientesdetarde.com\/index.php\/wp-json\/wp\/v2\/media\/221259"}],"wp:attachment":[{"href":"https:\/\/corrientesdetarde.com\/index.php\/wp-json\/wp\/v2\/media?parent=221256"}],"wp:term":[{"taxonomy":"category","embeddable":true,"href":"https:\/\/corrientesdetarde.com\/index.php\/wp-json\/wp\/v2\/categories?post=221256"},{"taxonomy":"post_tag","embeddable":true,"href":"https:\/\/corrientesdetarde.com\/index.php\/wp-json\/wp\/v2\/tags?post=221256"}],"curies":[{"name":"wp","href":"https:\/\/api.w.org\/{rel}","templated":true}]}}