{"id":221258,"date":"2025-08-08T11:05:39","date_gmt":"2025-08-08T14:05:39","guid":{"rendered":"https:\/\/corrientesdetarde.com\/?p=221258"},"modified":"2025-08-08T11:05:43","modified_gmt":"2025-08-08T14:05:43","slug":"condenan-a-12-anos-de-prision-a-un-hombre-por-corrupcion-de-menores-y-coacciones","status":"publish","type":"post","link":"https:\/\/corrientesdetarde.com\/index.php\/policiales\/condenan-a-12-anos-de-prision-a-un-hombre-por-corrupcion-de-menores-y-coacciones\/","title":{"rendered":"Condenan a 12 a\u00f1os de prisi\u00f3n a un hombre por corrupci\u00f3n de menores y coacciones"},"content":{"rendered":"\n<p>El magistrado sostuvo que no dispuso la prisi\u00f3n preventiva, que es una medida cautelar, no un adelantamiento de la pena, porque la Fiscal\u00eda no prob\u00f3 el riesgo procesal de fuga del imputado.<\/p>\n\n\n\n<p>Se trata de Carlos Patricio Sosa que fue condenado el 6 de agosto a 12 a\u00f1os de prisi\u00f3n y estuvo privado de su libertad ambulatoria durante el proceso de investigaci\u00f3n, recuper\u00f3 su libertad y as\u00ed fue tra\u00eddo a juicio por la Fiscal\u00eda, libre en su persona, estado a derecho en el juicio y teniendo arraigo en la localidad de Esquina.<\/p>\n\n\n\n<p>El doctor Carbajal dispuso medidas de protecci\u00f3n a la v\u00edctima y una vez que quede firme la condena ser\u00e1 alojado en una dependencia penitenciaria.<\/p>\n\n\n\n<p>El juicio se inici\u00f3 el lunes 4 de agosto y finaliz\u00f3 el mi\u00e9rcoles 6. El juez escuch\u00f3 a 12 testigos, 8 ofrecidos por el fiscal y 4 por la defensa.<\/p>\n","protected":false},"excerpt":{"rendered":"<p>El magistrado sostuvo que no dispuso la prisi\u00f3n preventiva, que es una medida cautelar, no un adelantamiento de la pena, porque la Fiscal\u00eda no prob\u00f3 el riesgo procesal de fuga&hellip; <\/p>\n","protected":false},"author":3,"featured_media":221261,"comment_status":"closed","ping_status":"open","sticky":false,"template":"","format":"standard","meta":{"footnotes":""},"categories":[33],"tags":[],"class_list":["post-221258","post","type-post","status-publish","format-standard","has-post-thumbnail","hentry","category-policiales"],"_links":{"self":[{"href":"https:\/\/corrientesdetarde.com\/index.php\/wp-json\/wp\/v2\/posts\/221258","targetHints":{"allow":["GET"]}}],"collection":[{"href":"https:\/\/corrientesdetarde.com\/index.php\/wp-json\/wp\/v2\/posts"}],"about":[{"href":"https:\/\/corrientesdetarde.com\/index.php\/wp-json\/wp\/v2\/types\/post"}],"author":[{"embeddable":true,"href":"https:\/\/corrientesdetarde.com\/index.php\/wp-json\/wp\/v2\/users\/3"}],"replies":[{"embeddable":true,"href":"https:\/\/corrientesdetarde.com\/index.php\/wp-json\/wp\/v2\/comments?post=221258"}],"version-history":[{"count":1,"href":"https:\/\/corrientesdetarde.com\/index.php\/wp-json\/wp\/v2\/posts\/221258\/revisions"}],"predecessor-version":[{"id":221262,"href":"https:\/\/corrientesdetarde.com\/index.php\/wp-json\/wp\/v2\/posts\/221258\/revisions\/221262"}],"wp:featuredmedia":[{"embeddable":true,"href":"https:\/\/corrientesdetarde.com\/index.php\/wp-json\/wp\/v2\/media\/221261"}],"wp:attachment":[{"href":"https:\/\/corrientesdetarde.com\/index.php\/wp-json\/wp\/v2\/media?parent=221258"}],"wp:term":[{"taxonomy":"category","embeddable":true,"href":"https:\/\/corrientesdetarde.com\/index.php\/wp-json\/wp\/v2\/categories?post=221258"},{"taxonomy":"post_tag","embeddable":true,"href":"https:\/\/corrientesdetarde.com\/index.php\/wp-json\/wp\/v2\/tags?post=221258"}],"curies":[{"name":"wp","href":"https:\/\/api.w.org\/{rel}","templated":true}]}}