{"id":221268,"date":"2025-08-08T15:31:54","date_gmt":"2025-08-08T18:31:54","guid":{"rendered":"https:\/\/corrientesdetarde.com\/?p=221268"},"modified":"2025-08-08T15:31:57","modified_gmt":"2025-08-08T18:31:57","slug":"marcos-rojo-sera-refuerzo-de-racing-tras-su-salida-de-boca","status":"publish","type":"post","link":"https:\/\/corrientesdetarde.com\/index.php\/informacion-general\/marcos-rojo-sera-refuerzo-de-racing-tras-su-salida-de-boca\/","title":{"rendered":"MARCOS ROJO SER\u00c1 REFUERZO DE RACING TRAS SU SALIDA DE BOCA"},"content":{"rendered":"\n<p>(Coco Ram\u00f3n) &#8211; El defensor, que firm\u00f3 su desvinculaci\u00f3n de Boca esta ma\u00f1ana, se incorporar\u00e1 a la Academia con el pase en su poder. Acord\u00f3 un contrato por productividad, lo que permitir\u00e1 a Racing sumar jerarqu\u00eda sin comprometer el presupuesto fijo del plantel.<\/p>\n\n\n\n<figure class=\"wp-block-embed is-type-video is-provider-youtube wp-block-embed-youtube wp-embed-aspect-16-9 wp-has-aspect-ratio\"><div class=\"wp-block-embed__wrapper\">\n<iframe loading=\"lazy\" title=\"Marcos Rojo se fue de Boca\" width=\"1110\" height=\"624\" src=\"https:\/\/www.youtube.com\/embed\/xFp005nNDB4?feature=oembed\" frameborder=\"0\" allow=\"accelerometer; autoplay; clipboard-write; encrypted-media; gyroscope; picture-in-picture; web-share\" referrerpolicy=\"strict-origin-when-cross-origin\" allowfullscreen><\/iframe>\n<\/div><\/figure>\n","protected":false},"excerpt":{"rendered":"<p>(Coco Ram\u00f3n) &#8211; El defensor, que firm\u00f3 su desvinculaci\u00f3n de Boca esta ma\u00f1ana, se incorporar\u00e1 a la Academia con el pase en su poder. Acord\u00f3 un contrato por productividad, lo&hellip; <\/p>\n","protected":false},"author":11,"featured_media":221269,"comment_status":"closed","ping_status":"open","sticky":false,"template":"","format":"standard","meta":{"footnotes":""},"categories":[1],"tags":[],"class_list":["post-221268","post","type-post","status-publish","format-standard","has-post-thumbnail","hentry","category-informacion-general"],"_links":{"self":[{"href":"https:\/\/corrientesdetarde.com\/index.php\/wp-json\/wp\/v2\/posts\/221268","targetHints":{"allow":["GET"]}}],"collection":[{"href":"https:\/\/corrientesdetarde.com\/index.php\/wp-json\/wp\/v2\/posts"}],"about":[{"href":"https:\/\/corrientesdetarde.com\/index.php\/wp-json\/wp\/v2\/types\/post"}],"author":[{"embeddable":true,"href":"https:\/\/corrientesdetarde.com\/index.php\/wp-json\/wp\/v2\/users\/11"}],"replies":[{"embeddable":true,"href":"https:\/\/corrientesdetarde.com\/index.php\/wp-json\/wp\/v2\/comments?post=221268"}],"version-history":[{"count":1,"href":"https:\/\/corrientesdetarde.com\/index.php\/wp-json\/wp\/v2\/posts\/221268\/revisions"}],"predecessor-version":[{"id":221270,"href":"https:\/\/corrientesdetarde.com\/index.php\/wp-json\/wp\/v2\/posts\/221268\/revisions\/221270"}],"wp:featuredmedia":[{"embeddable":true,"href":"https:\/\/corrientesdetarde.com\/index.php\/wp-json\/wp\/v2\/media\/221269"}],"wp:attachment":[{"href":"https:\/\/corrientesdetarde.com\/index.php\/wp-json\/wp\/v2\/media?parent=221268"}],"wp:term":[{"taxonomy":"category","embeddable":true,"href":"https:\/\/corrientesdetarde.com\/index.php\/wp-json\/wp\/v2\/categories?post=221268"},{"taxonomy":"post_tag","embeddable":true,"href":"https:\/\/corrientesdetarde.com\/index.php\/wp-json\/wp\/v2\/tags?post=221268"}],"curies":[{"name":"wp","href":"https:\/\/api.w.org\/{rel}","templated":true}]}}