{"id":221359,"date":"2025-08-09T10:00:00","date_gmt":"2025-08-09T13:00:00","guid":{"rendered":"https:\/\/corrientesdetarde.com\/?p=221359"},"modified":"2025-08-09T10:17:14","modified_gmt":"2025-08-09T13:17:14","slug":"condenan-a-un-hombre-luego-de-ser-identificado-por-el-adn-que-el-mismo-dejo-al-cortarse-durante-un-robo","status":"publish","type":"post","link":"https:\/\/corrientesdetarde.com\/index.php\/crimen-y-justicia\/condenan-a-un-hombre-luego-de-ser-identificado-por-el-adn-que-el-mismo-dejo-al-cortarse-durante-un-robo\/","title":{"rendered":"Condenan a un hombre luego de ser identificado por el ADN que \u00e9l mismo dej\u00f3 al cortarse durante un robo."},"content":{"rendered":"\n<h2 class=\"wp-block-heading\">El episodio ocurri\u00f3 entre la noche del 4 y la madrugada del 5 de febrero de 2024, cuando Mauro Horacio V\u00e1zquez ingres\u00f3 por la fuerza a un comercio ubicado en la Primera Secci\u00f3n Arroyo Vega. Para entrar, violent\u00f3 la reja frontal, forz\u00f3 la puerta de aluminio y rompi\u00f3 un panel de vidrio, lo que le provoc\u00f3 un corte que dej\u00f3 manchas de sangre en la escena.<\/h2>\n\n\n\n<p>Un hombre fue condenado a cuatro a\u00f1os de prisi\u00f3n por un robo cometido en un maxikiosco de la localidad correntina de Esquina, luego de ser identificado gracias a rastros de sangre hallados en el lugar del hecho.<\/p>\n\n\n\n<p>El episodio ocurri\u00f3 entre la noche del 4 y la madrugada del 5 de febrero de 2024, cuando Mauro Horacio V\u00e1zquez ingres\u00f3 por la fuerza a un comercio ubicado en la Primera Secci\u00f3n Arroyo Vega. Para entrar, violent\u00f3 la reja frontal, forz\u00f3 la puerta de aluminio y rompi\u00f3 un panel de vidrio, lo que le provoc\u00f3 un corte que dej\u00f3 manchas de sangre en la escena.<\/p>\n\n\n\n<p>La evidencia fue recolectada por el licenciado Diego Escobar, criminalista del Equipo T\u00e9cnico Interdisciplinario (ETI) del Ministerio P\u00fablico, cuyo an\u00e1lisis permiti\u00f3 obtener un perfil gen\u00e9tico que coincidi\u00f3 con el del acusado. Esta prueba result\u00f3 clave para la acusaci\u00f3n formulada por el fiscal de Esquina, Gustavo Javier Mosquera, por robo agravado por efracci\u00f3n \u2014y de forma alternativa, por robo simple\u2014.<\/p>\n\n\n\n<p>El juez Jorge Carbone, del Tribunal unipersonal de Goya, resolvi\u00f3 condenar a V\u00e1zquez a cuatro a\u00f1os de prisi\u00f3n y orden\u00f3 su prisi\u00f3n preventiva inmediata, con traslado a la Unidad Penal N\u00b08 de Goya hasta que la sentencia quede firme.<\/p>\n\n\n\n<p>La audiencia se desarroll\u00f3 de manera virtual a trav\u00e9s del sistema Inveniet, con la defensa a cargo del defensor oficial Fernando Andr\u00e9 Buffil. La resoluci\u00f3n qued\u00f3 registrada bajo el n\u00famero 63.<\/p>\n\n\n\n<p><\/p>\n","protected":false},"excerpt":{"rendered":"<p>El episodio ocurri\u00f3 entre la noche del 4 y la madrugada del 5 de febrero de 2024, cuando Mauro Horacio V\u00e1zquez ingres\u00f3 por la fuerza a un comercio ubicado en&hellip; <\/p>\n","protected":false},"author":6,"featured_media":221364,"comment_status":"closed","ping_status":"open","sticky":false,"template":"","format":"standard","meta":{"footnotes":""},"categories":[5],"tags":[],"class_list":["post-221359","post","type-post","status-publish","format-standard","has-post-thumbnail","hentry","category-crimen-y-justicia"],"_links":{"self":[{"href":"https:\/\/corrientesdetarde.com\/index.php\/wp-json\/wp\/v2\/posts\/221359","targetHints":{"allow":["GET"]}}],"collection":[{"href":"https:\/\/corrientesdetarde.com\/index.php\/wp-json\/wp\/v2\/posts"}],"about":[{"href":"https:\/\/corrientesdetarde.com\/index.php\/wp-json\/wp\/v2\/types\/post"}],"author":[{"embeddable":true,"href":"https:\/\/corrientesdetarde.com\/index.php\/wp-json\/wp\/v2\/users\/6"}],"replies":[{"embeddable":true,"href":"https:\/\/corrientesdetarde.com\/index.php\/wp-json\/wp\/v2\/comments?post=221359"}],"version-history":[{"count":1,"href":"https:\/\/corrientesdetarde.com\/index.php\/wp-json\/wp\/v2\/posts\/221359\/revisions"}],"predecessor-version":[{"id":221368,"href":"https:\/\/corrientesdetarde.com\/index.php\/wp-json\/wp\/v2\/posts\/221359\/revisions\/221368"}],"wp:featuredmedia":[{"embeddable":true,"href":"https:\/\/corrientesdetarde.com\/index.php\/wp-json\/wp\/v2\/media\/221364"}],"wp:attachment":[{"href":"https:\/\/corrientesdetarde.com\/index.php\/wp-json\/wp\/v2\/media?parent=221359"}],"wp:term":[{"taxonomy":"category","embeddable":true,"href":"https:\/\/corrientesdetarde.com\/index.php\/wp-json\/wp\/v2\/categories?post=221359"},{"taxonomy":"post_tag","embeddable":true,"href":"https:\/\/corrientesdetarde.com\/index.php\/wp-json\/wp\/v2\/tags?post=221359"}],"curies":[{"name":"wp","href":"https:\/\/api.w.org\/{rel}","templated":true}]}}