{"id":221360,"date":"2025-08-09T09:50:00","date_gmt":"2025-08-09T12:50:00","guid":{"rendered":"https:\/\/corrientesdetarde.com\/?p=221360"},"modified":"2025-08-09T10:12:49","modified_gmt":"2025-08-09T13:12:49","slug":"tras-ser-agredida-fisicamente-una-mujer-embarazada-busco-ayuda-en-un-colegio","status":"publish","type":"post","link":"https:\/\/corrientesdetarde.com\/index.php\/policiales\/tras-ser-agredida-fisicamente-una-mujer-embarazada-busco-ayuda-en-un-colegio\/","title":{"rendered":"Tras ser agredida f\u00edsicamente una mujer embarazada busc\u00f3 ayuda en un colegio."},"content":{"rendered":"\n<h2 class=\"wp-block-heading\">Una mujer embarazada denunci\u00f3 ayer que su concubino la agredi\u00f3 f\u00edsicamente y en la desesperaci\u00f3n por el mal momento ingres\u00f3 a un colegio del capitalino barrio Santa Rita a pedir ayuda.<\/h2>\n\n\n\n<p>Personal docente contuvo a la v\u00edctima y pidi\u00f3 presencia de la Polic\u00eda. Al rato llegaron efectivos de las comisar\u00edas D\u00e9cima y Decimosexta.<\/p>\n\n\n\n<p>El supuesto agresor fue conducido en un patrullero a la seccional Decimosexta, mientras la mujer manifestaba que realizar\u00eda la correspondiente denuncia.<\/p>\n\n\n\n<p>Los hechos ocurrieron ayer a la ma\u00f1ana en avenida Ra\u00fal Alfons\u00edn al 6800.<\/p>\n\n\n\n<p>La mujer entr\u00f3 a las instalaciones del colegio secundario Santa Rita a manifestar que sufri\u00f3 golpes en contexto de violencia de g\u00e9nero. En igual predio se present\u00f3 el acusado, identificado con el nombre de Hern\u00e1n, a quien llevaron demorado despu\u00e9s de momentos de tensi\u00f3n.<\/p>\n\n\n\n<p>Como consecuencia de una crisis de nervios, la embarazada necesit\u00f3 asistencia de parte de profesionales de la Direcci\u00f3n de Emergencias Sanitarias.<\/p>\n","protected":false},"excerpt":{"rendered":"<p>Una mujer embarazada denunci\u00f3 ayer que su concubino la agredi\u00f3 f\u00edsicamente y en la desesperaci\u00f3n por el mal momento ingres\u00f3 a un colegio del capitalino barrio Santa Rita a pedir&hellip; <\/p>\n","protected":false},"author":6,"featured_media":221362,"comment_status":"closed","ping_status":"open","sticky":false,"template":"","format":"standard","meta":{"footnotes":""},"categories":[33],"tags":[],"class_list":["post-221360","post","type-post","status-publish","format-standard","has-post-thumbnail","hentry","category-policiales"],"_links":{"self":[{"href":"https:\/\/corrientesdetarde.com\/index.php\/wp-json\/wp\/v2\/posts\/221360","targetHints":{"allow":["GET"]}}],"collection":[{"href":"https:\/\/corrientesdetarde.com\/index.php\/wp-json\/wp\/v2\/posts"}],"about":[{"href":"https:\/\/corrientesdetarde.com\/index.php\/wp-json\/wp\/v2\/types\/post"}],"author":[{"embeddable":true,"href":"https:\/\/corrientesdetarde.com\/index.php\/wp-json\/wp\/v2\/users\/6"}],"replies":[{"embeddable":true,"href":"https:\/\/corrientesdetarde.com\/index.php\/wp-json\/wp\/v2\/comments?post=221360"}],"version-history":[{"count":1,"href":"https:\/\/corrientesdetarde.com\/index.php\/wp-json\/wp\/v2\/posts\/221360\/revisions"}],"predecessor-version":[{"id":221363,"href":"https:\/\/corrientesdetarde.com\/index.php\/wp-json\/wp\/v2\/posts\/221360\/revisions\/221363"}],"wp:featuredmedia":[{"embeddable":true,"href":"https:\/\/corrientesdetarde.com\/index.php\/wp-json\/wp\/v2\/media\/221362"}],"wp:attachment":[{"href":"https:\/\/corrientesdetarde.com\/index.php\/wp-json\/wp\/v2\/media?parent=221360"}],"wp:term":[{"taxonomy":"category","embeddable":true,"href":"https:\/\/corrientesdetarde.com\/index.php\/wp-json\/wp\/v2\/categories?post=221360"},{"taxonomy":"post_tag","embeddable":true,"href":"https:\/\/corrientesdetarde.com\/index.php\/wp-json\/wp\/v2\/tags?post=221360"}],"curies":[{"name":"wp","href":"https:\/\/api.w.org\/{rel}","templated":true}]}}