{"id":221367,"date":"2025-08-09T10:20:00","date_gmt":"2025-08-09T13:20:00","guid":{"rendered":"https:\/\/corrientesdetarde.com\/?p=221367"},"modified":"2025-08-09T10:32:02","modified_gmt":"2025-08-09T13:32:02","slug":"alerta-por-falsas-encuestas-electorales-en-corrientes","status":"publish","type":"post","link":"https:\/\/corrientesdetarde.com\/index.php\/informacion-general\/alerta-por-falsas-encuestas-electorales-en-corrientes\/","title":{"rendered":"Alerta por falsas encuestas electorales en Corrientes."},"content":{"rendered":"\n<h2 class=\"wp-block-heading\">El Instituto Nacional de Estad\u00edstica y Censos (Indec) aclar\u00f3 este jueves que no realiza encuestas pol\u00edtico-electorales ni autoriza a terceros a hacerlo en su nombre, luego de denuncias de vecinos de Santa Rosa, Santa Ana, Mburucuy\u00e1 y Saladas que habr\u00edan sido abordados por una persona que se present\u00f3 como encuestadora del organismo.<\/h2>\n\n\n\n<p>Seg\u00fan inform\u00f3 el Indec, la persona en cuesti\u00f3n se identific\u00f3 como integrante de una supuesta consultora y aleg\u00f3 falsamente tener un contrato con el instituto para relevar intenci\u00f3n de voto, algo que el organismo no lleva adelante ni delega bajo ninguna circunstancia.<\/p>\n\n\n\n<p>&#8220;El Indec no realiza relevamientos de campo fuera de sus funciones estad\u00edsticas ni comisiona a consultoras o personas para ejecutar encuestas en su nombre. No hace ni har\u00e1 encuestas partidarias&#8221;, se\u00f1al\u00f3 el comunicado oficial.<\/p>\n\n\n\n<p>La entidad advirti\u00f3 que ya inici\u00f3 acciones para frenar el enga\u00f1o, que tambi\u00e9n alcanz\u00f3 a medios locales que, de buena fe, difundieron resultados o datos de estas encuestas ap\u00f3crifas.<\/p>\n\n\n\n<p>C\u00f3mo verificar a un encuestador oficial<br>El Indec record\u00f3 que todo encuestador leg\u00edtimo debe portar una credencial oficial con nombre completo y n\u00famero de documento, pertenecer a la misma provincia en la que realiza la visita y figurar en el registro disponible en www.indec.gob.ar\/indec\/web\/Institucional-Indec-Encuestadores.<\/p>\n\n\n\n<p>Asimismo, el listado de operaciones estad\u00edsticas oficiales se encuentra en www.indec.gob.ar\/indec\/web\/Institucional-Indec-OperacionesEstadisticas.<\/p>\n\n\n\n<p>Para consultas, el organismo habilit\u00f3 el correo&nbsp;ces@indec.gob.ar&nbsp;y la l\u00ednea telef\u00f3nica +54 11 5031-4632.<\/p>\n","protected":false},"excerpt":{"rendered":"<p>El Instituto Nacional de Estad\u00edstica y Censos (Indec) aclar\u00f3 este jueves que no realiza encuestas pol\u00edtico-electorales ni autoriza a terceros a hacerlo en su nombre, luego de denuncias de vecinos&hellip; <\/p>\n","protected":false},"author":6,"featured_media":221371,"comment_status":"closed","ping_status":"open","sticky":false,"template":"","format":"standard","meta":{"footnotes":""},"categories":[1],"tags":[],"class_list":["post-221367","post","type-post","status-publish","format-standard","has-post-thumbnail","hentry","category-informacion-general"],"_links":{"self":[{"href":"https:\/\/corrientesdetarde.com\/index.php\/wp-json\/wp\/v2\/posts\/221367","targetHints":{"allow":["GET"]}}],"collection":[{"href":"https:\/\/corrientesdetarde.com\/index.php\/wp-json\/wp\/v2\/posts"}],"about":[{"href":"https:\/\/corrientesdetarde.com\/index.php\/wp-json\/wp\/v2\/types\/post"}],"author":[{"embeddable":true,"href":"https:\/\/corrientesdetarde.com\/index.php\/wp-json\/wp\/v2\/users\/6"}],"replies":[{"embeddable":true,"href":"https:\/\/corrientesdetarde.com\/index.php\/wp-json\/wp\/v2\/comments?post=221367"}],"version-history":[{"count":1,"href":"https:\/\/corrientesdetarde.com\/index.php\/wp-json\/wp\/v2\/posts\/221367\/revisions"}],"predecessor-version":[{"id":221372,"href":"https:\/\/corrientesdetarde.com\/index.php\/wp-json\/wp\/v2\/posts\/221367\/revisions\/221372"}],"wp:featuredmedia":[{"embeddable":true,"href":"https:\/\/corrientesdetarde.com\/index.php\/wp-json\/wp\/v2\/media\/221371"}],"wp:attachment":[{"href":"https:\/\/corrientesdetarde.com\/index.php\/wp-json\/wp\/v2\/media?parent=221367"}],"wp:term":[{"taxonomy":"category","embeddable":true,"href":"https:\/\/corrientesdetarde.com\/index.php\/wp-json\/wp\/v2\/categories?post=221367"},{"taxonomy":"post_tag","embeddable":true,"href":"https:\/\/corrientesdetarde.com\/index.php\/wp-json\/wp\/v2\/tags?post=221367"}],"curies":[{"name":"wp","href":"https:\/\/api.w.org\/{rel}","templated":true}]}}