{"id":221375,"date":"2025-08-09T11:00:00","date_gmt":"2025-08-09T14:00:00","guid":{"rendered":"https:\/\/corrientesdetarde.com\/?p=221375"},"modified":"2025-08-09T11:13:38","modified_gmt":"2025-08-09T14:13:38","slug":"panico-en-times-square-un-adolescente-abrio-fuego-y-dejo-al-menos-tres-heridos","status":"publish","type":"post","link":"https:\/\/corrientesdetarde.com\/index.php\/internacionales\/panico-en-times-square-un-adolescente-abrio-fuego-y-dejo-al-menos-tres-heridos\/","title":{"rendered":"P\u00e1nico en Times Square: un adolescente abri\u00f3 fuego y dej\u00f3 al menos tres heridos."},"content":{"rendered":"\n<h2 class=\"wp-block-heading\">Las v\u00edctimas fueron trasladadas al Hospital Bellevue, donde se confirm\u00f3 que se encuentran fuera de peligro.<\/h2>\n\n\n\n<p>Un&nbsp;<strong>adolescente de 17 a\u00f1os<\/strong>&nbsp;abri\u00f3 fuego en la madrugada del s\u00e1bado en&nbsp;<strong>Times Square<\/strong>, Nueva York, y dej\u00f3&nbsp;<strong>tres personas heridas<\/strong>, seg\u00fan inform\u00f3 la polic\u00eda local.<\/p>\n\n\n\n<p>El tiroteo ocurri\u00f3 alrededor de la 1:20 de la ma\u00f1ana (hora local) tras una pelea. Las v\u00edctimas fueron trasladadas al Hospital Bellevue, donde se confirm\u00f3 que se encuentran fuera de peligro.<\/p>\n\n\n\n<p>Seg\u00fan medios locales, una mujer de 18 a\u00f1os sufri\u00f3 un rasgu\u00f1o en el cuello, mientras que un hombre de 19 y otro de 65 resultaron heridos en las extremidades inferiores.<\/p>\n\n\n\n<p>\u201cEl autor fue detenido por la polic\u00eda y&nbsp;<strong>se recuper\u00f3 un arma de fuego<\/strong>\u201d, indic\u00f3 un vocero de la Polic\u00eda.<\/p>\n\n\n\n<p>Im\u00e1genes que circulan en redes muestran escenas de p\u00e1nico en medio de Times Square, uno de los lugares m\u00e1s emblem\u00e1ticos de Nueva York.<\/p>\n\n\n\n<p>El episodio ocurri\u00f3 menos de dos semanas despu\u00e9s de que un hombre armado matara a cuatro personas y luego se quitara la vida en un rascacielos de Manhattan.<\/p>\n","protected":false},"excerpt":{"rendered":"<p>Las v\u00edctimas fueron trasladadas al Hospital Bellevue, donde se confirm\u00f3 que se encuentran fuera de peligro. Un&nbsp;adolescente de 17 a\u00f1os&nbsp;abri\u00f3 fuego en la madrugada del s\u00e1bado en&nbsp;Times Square, Nueva York,&hellip; <\/p>\n","protected":false},"author":6,"featured_media":221382,"comment_status":"closed","ping_status":"open","sticky":false,"template":"","format":"standard","meta":{"footnotes":""},"categories":[11],"tags":[],"class_list":["post-221375","post","type-post","status-publish","format-standard","has-post-thumbnail","hentry","category-internacionales"],"_links":{"self":[{"href":"https:\/\/corrientesdetarde.com\/index.php\/wp-json\/wp\/v2\/posts\/221375","targetHints":{"allow":["GET"]}}],"collection":[{"href":"https:\/\/corrientesdetarde.com\/index.php\/wp-json\/wp\/v2\/posts"}],"about":[{"href":"https:\/\/corrientesdetarde.com\/index.php\/wp-json\/wp\/v2\/types\/post"}],"author":[{"embeddable":true,"href":"https:\/\/corrientesdetarde.com\/index.php\/wp-json\/wp\/v2\/users\/6"}],"replies":[{"embeddable":true,"href":"https:\/\/corrientesdetarde.com\/index.php\/wp-json\/wp\/v2\/comments?post=221375"}],"version-history":[{"count":1,"href":"https:\/\/corrientesdetarde.com\/index.php\/wp-json\/wp\/v2\/posts\/221375\/revisions"}],"predecessor-version":[{"id":221388,"href":"https:\/\/corrientesdetarde.com\/index.php\/wp-json\/wp\/v2\/posts\/221375\/revisions\/221388"}],"wp:featuredmedia":[{"embeddable":true,"href":"https:\/\/corrientesdetarde.com\/index.php\/wp-json\/wp\/v2\/media\/221382"}],"wp:attachment":[{"href":"https:\/\/corrientesdetarde.com\/index.php\/wp-json\/wp\/v2\/media?parent=221375"}],"wp:term":[{"taxonomy":"category","embeddable":true,"href":"https:\/\/corrientesdetarde.com\/index.php\/wp-json\/wp\/v2\/categories?post=221375"},{"taxonomy":"post_tag","embeddable":true,"href":"https:\/\/corrientesdetarde.com\/index.php\/wp-json\/wp\/v2\/tags?post=221375"}],"curies":[{"name":"wp","href":"https:\/\/api.w.org\/{rel}","templated":true}]}}