{"id":221376,"date":"2025-08-09T10:56:00","date_gmt":"2025-08-09T13:56:00","guid":{"rendered":"https:\/\/corrientesdetarde.com\/?p=221376"},"modified":"2025-08-09T11:02:53","modified_gmt":"2025-08-09T14:02:53","slug":"rafa-nadal-fue-papa-por-segunda-vez","status":"publish","type":"post","link":"https:\/\/corrientesdetarde.com\/index.php\/deportes\/rafa-nadal-fue-papa-por-segunda-vez\/","title":{"rendered":"Rafa Nadal fue pap\u00e1 por segunda vez."},"content":{"rendered":"\n<h2 class=\"wp-block-heading\">El extenista y Mery Perell\u00f3 recibieron a Miquel, su segundo hijo, en Palma de Mallorca.<\/h2>\n\n\n\n<p><strong>Rafa Nadal<\/strong>\u00a0y su esposa\u00a0<strong>Mery Perell\u00f3<\/strong>\u00a0viven d\u00edas de pura felicidad: naci\u00f3 su segundo hijo, llamado\u00a0<strong>Miquel<\/strong>, en Palma de Mallorca. El parto tuvo lugar en la cl\u00ednica Quir\u00f3nsalud Palmaplanas, el mismo lugar donde en octubre de 2022 naci\u00f3 su primer hijo de la pareja,\u00a0<strong>Rafael<\/strong>.<\/p>\n\n\n\n<p>La noticia se conoci\u00f3 este s\u00e1bado, cuando el matrimonio abandon\u00f3 el centro m\u00e9dico junto a su beb\u00e9, rodeados del cari\u00f1o de sus familias, que se acercaron desde el jueves -d\u00eda del nacimiento- para conocer al nuevo integrante de la familia.<\/p>\n\n\n\n<h2 class=\"wp-block-heading\"><strong>El significado especial del nombre Miquel<\/strong><\/h2>\n\n\n\n<p>El nombre elegido por la pareja no fue casualidad.&nbsp;<strong>Miquel<\/strong>&nbsp;es un homenaje al padre de Mery Perell\u00f3, quien falleci\u00f3 en abril de 2023 a los 63 a\u00f1os, tras una larga enfermedad.<\/p>\n\n\n\n<figure class=\"wp-block-image\"><img decoding=\"async\" src=\"https:\/\/tn.com.ar\/resizer\/v2\/la-pareja-tuvo-su-segundo-hijo-foto-efe-FJUSKRUKAVFARFAFPDFCJOABBI.jpg?auth=9ec79ed1a85b2b4d373950843e896dfd80fa7c9452513905f4844214a4638fda&amp;width=767\" alt=\"La pareja tuvo su segundo hijo (Foto: EFE).\"\/><figcaption class=\"wp-element-caption\">La pareja tuvo su segundo hijo (Foto: EFE).<\/figcaption><\/figure>\n\n\n\n<p><strong>Rafa Nadal<\/strong>&nbsp;y&nbsp;<strong>Mery Perell\u00f3<\/strong>&nbsp;se casaron el 19 de octubre de 2019 en una ceremonia \u00edntima en&nbsp;<strong>Sa Fortalesa<\/strong>, una exclusiva finca ubicada en el municipio mallorqu\u00edn de Pollenca.<\/p>\n","protected":false},"excerpt":{"rendered":"<p>El extenista y Mery Perell\u00f3 recibieron a Miquel, su segundo hijo, en Palma de Mallorca. Rafa Nadal\u00a0y su esposa\u00a0Mery Perell\u00f3\u00a0viven d\u00edas de pura felicidad: naci\u00f3 su segundo hijo, llamado\u00a0Miquel, en&hellip; <\/p>\n","protected":false},"author":6,"featured_media":221380,"comment_status":"closed","ping_status":"open","sticky":false,"template":"","format":"standard","meta":{"footnotes":""},"categories":[4],"tags":[],"class_list":["post-221376","post","type-post","status-publish","format-standard","has-post-thumbnail","hentry","category-deportes"],"_links":{"self":[{"href":"https:\/\/corrientesdetarde.com\/index.php\/wp-json\/wp\/v2\/posts\/221376","targetHints":{"allow":["GET"]}}],"collection":[{"href":"https:\/\/corrientesdetarde.com\/index.php\/wp-json\/wp\/v2\/posts"}],"about":[{"href":"https:\/\/corrientesdetarde.com\/index.php\/wp-json\/wp\/v2\/types\/post"}],"author":[{"embeddable":true,"href":"https:\/\/corrientesdetarde.com\/index.php\/wp-json\/wp\/v2\/users\/6"}],"replies":[{"embeddable":true,"href":"https:\/\/corrientesdetarde.com\/index.php\/wp-json\/wp\/v2\/comments?post=221376"}],"version-history":[{"count":1,"href":"https:\/\/corrientesdetarde.com\/index.php\/wp-json\/wp\/v2\/posts\/221376\/revisions"}],"predecessor-version":[{"id":221381,"href":"https:\/\/corrientesdetarde.com\/index.php\/wp-json\/wp\/v2\/posts\/221376\/revisions\/221381"}],"wp:featuredmedia":[{"embeddable":true,"href":"https:\/\/corrientesdetarde.com\/index.php\/wp-json\/wp\/v2\/media\/221380"}],"wp:attachment":[{"href":"https:\/\/corrientesdetarde.com\/index.php\/wp-json\/wp\/v2\/media?parent=221376"}],"wp:term":[{"taxonomy":"category","embeddable":true,"href":"https:\/\/corrientesdetarde.com\/index.php\/wp-json\/wp\/v2\/categories?post=221376"},{"taxonomy":"post_tag","embeddable":true,"href":"https:\/\/corrientesdetarde.com\/index.php\/wp-json\/wp\/v2\/tags?post=221376"}],"curies":[{"name":"wp","href":"https:\/\/api.w.org\/{rel}","templated":true}]}}