{"id":221377,"date":"2025-08-09T10:50:00","date_gmt":"2025-08-09T13:50:00","guid":{"rendered":"https:\/\/corrientesdetarde.com\/?p=221377"},"modified":"2025-08-09T11:00:27","modified_gmt":"2025-08-09T14:00:27","slug":"los-dias-en-la-carcel-el-presunto-asesino-serial-de-jujuy","status":"publish","type":"post","link":"https:\/\/corrientesdetarde.com\/index.php\/crimen-y-justicia\/los-dias-en-la-carcel-el-presunto-asesino-serial-de-jujuy\/","title":{"rendered":"Los d\u00edas en la c\u00e1rcel el presunto asesino serial de Jujuy."},"content":{"rendered":"\n<h2 class=\"wp-block-heading\">Mat\u00edas Jurado est\u00e1 imputado por el homicidio de un hombre y adem\u00e1s es investigado por la desaparici\u00f3n de al menos otras cuatro personas.<\/h2>\n\n\n\n<p><strong>Mat\u00edas Jurado<\/strong>, el hombre que fue detenido d\u00edas atr\u00e1s en el barrio Alto Comedero de Jujuy bajo\u00a0la sospecha de ser un asesino serial, contin\u00faa alojado en el Pabell\u00f3n N\u00ba 4 del Servicio Penitenciario N\u00ba 1 del barrio Gorriti, ubicado en la capital provincial.<\/p>\n\n\n\n<p>Jurado ya\u00a0<strong>hab\u00eda estado preso en tres oportunidades<\/strong>, pero esta vez es diferente porque est\u00e1 imputado por el asesinato de un hombre y la desaparici\u00f3n de otras cuatro personas. \u201cSe mantiene pasivo, sin siquiera interactuar con los otros presos\u201d, destac\u00f3 un medio local sobre c\u00f3mo pasa sus d\u00edas tras las rejas.<\/p>\n\n\n\n<p>El fiscal regional Guillermo Beller confirm\u00f3 en conferencia de prensa que el imputado les daba de comer restos humanos a sus perros. Adem\u00e1s, explic\u00f3 que las pruebas reunidas hasta el momento ubican a las cinco personas desaparecidas en la casa del detenido.<\/p>\n\n\n\n<p>\u201c<strong>No habla con nadie, ni tuvo visitas hasta este momento.<\/strong>&nbsp;Solamente se limita a salir una vez al d\u00eda para tomar un poco de sol y nada m\u00e1s. Sin contacto con otros internos\u201d, precisaron desde el penal a&nbsp;<em>Jujuy al Momento.<\/em><\/p>\n\n\n\n<p>Tambi\u00e9n detallaron que comparte el pabell\u00f3n con otros reclusos y que el espacio \u201ces de&nbsp;<strong>f\u00e1cil control por el personal apostado en el lugar<\/strong>\u201c.<\/p>\n\n\n\n<h2 class=\"wp-block-heading\">Huesos, sangre y rastros de entierros clandestinos<\/h2>\n\n\n\n<p>La inspecci\u00f3n de la casa de Jurado arroj\u00f3 resultados escalofriantes. Los investigadores encontraron&nbsp;<strong>huesos quemados, manchas de sangre<\/strong>&nbsp;y signos de combusti\u00f3n en distintos sectores.<\/p>\n\n\n\n<p>En el patio trasero, hallaron tierra removida, una carretilla, una pala y elementos de jardiner\u00eda que sugieren posibles entierros clandestinos.<\/p>\n\n\n\n<p>Uno de los datos m\u00e1s impactantes de la investigaci\u00f3n fue revelado este jueves por el fiscal Beller ante los medios: \u201cEncontramos&nbsp;<strong>piel en los platos de comida de los perros<\/strong>&nbsp;del domicilio y tambi\u00e9n entendemos que Mat\u00edas Jurado alimentaba a otros animales del barrio\u201d.<\/p>\n\n\n\n<p>\u201cEsa piel que estaba tirada en los platos de comida de los perros eran partes de restos humanos:&nbsp;<strong>cart\u00edlagos, pelos y piel<\/strong>\u201d, detall\u00f3 el fiscal.<\/p>\n\n\n\n<p>Asimismo, el funcionario judicial advirti\u00f3 que, debido a esta situaci\u00f3n,&nbsp;<strong>se perdieron pruebas importantes&nbsp;<\/strong>para la causa, ya que parte de los restos habr\u00edan sido consumidos por los animales.<\/p>\n\n\n\n<p>La Fiscal\u00eda sostiene que Jurado podr\u00eda estar<strong>&nbsp;vinculado a por lo menos cinco desapariciones<\/strong>&nbsp;recientes. Una de las v\u00edctimas es Jorge Omar Anachuri, de 68 a\u00f1os, visto por \u00faltima vez subiendo a un taxi junto al acusado. El chofer y el GPS confirmaron que&nbsp;<strong>el destino final fue la casa de Jurado.<\/strong><\/p>\n","protected":false},"excerpt":{"rendered":"<p>Mat\u00edas Jurado est\u00e1 imputado por el homicidio de un hombre y adem\u00e1s es investigado por la desaparici\u00f3n de al menos otras cuatro personas. Mat\u00edas Jurado, el hombre que fue detenido&hellip; <\/p>\n","protected":false},"author":6,"featured_media":221378,"comment_status":"closed","ping_status":"open","sticky":false,"template":"","format":"standard","meta":{"footnotes":""},"categories":[5],"tags":[],"class_list":["post-221377","post","type-post","status-publish","format-standard","has-post-thumbnail","hentry","category-crimen-y-justicia"],"_links":{"self":[{"href":"https:\/\/corrientesdetarde.com\/index.php\/wp-json\/wp\/v2\/posts\/221377","targetHints":{"allow":["GET"]}}],"collection":[{"href":"https:\/\/corrientesdetarde.com\/index.php\/wp-json\/wp\/v2\/posts"}],"about":[{"href":"https:\/\/corrientesdetarde.com\/index.php\/wp-json\/wp\/v2\/types\/post"}],"author":[{"embeddable":true,"href":"https:\/\/corrientesdetarde.com\/index.php\/wp-json\/wp\/v2\/users\/6"}],"replies":[{"embeddable":true,"href":"https:\/\/corrientesdetarde.com\/index.php\/wp-json\/wp\/v2\/comments?post=221377"}],"version-history":[{"count":1,"href":"https:\/\/corrientesdetarde.com\/index.php\/wp-json\/wp\/v2\/posts\/221377\/revisions"}],"predecessor-version":[{"id":221379,"href":"https:\/\/corrientesdetarde.com\/index.php\/wp-json\/wp\/v2\/posts\/221377\/revisions\/221379"}],"wp:featuredmedia":[{"embeddable":true,"href":"https:\/\/corrientesdetarde.com\/index.php\/wp-json\/wp\/v2\/media\/221378"}],"wp:attachment":[{"href":"https:\/\/corrientesdetarde.com\/index.php\/wp-json\/wp\/v2\/media?parent=221377"}],"wp:term":[{"taxonomy":"category","embeddable":true,"href":"https:\/\/corrientesdetarde.com\/index.php\/wp-json\/wp\/v2\/categories?post=221377"},{"taxonomy":"post_tag","embeddable":true,"href":"https:\/\/corrientesdetarde.com\/index.php\/wp-json\/wp\/v2\/tags?post=221377"}],"curies":[{"name":"wp","href":"https:\/\/api.w.org\/{rel}","templated":true}]}}