{"id":221384,"date":"2025-08-09T11:30:00","date_gmt":"2025-08-09T14:30:00","guid":{"rendered":"https:\/\/corrientesdetarde.com\/?p=221384"},"modified":"2025-08-09T11:37:02","modified_gmt":"2025-08-09T14:37:02","slug":"cuello-noqueo-en-el-segundo-round-y-se-consagro-campeon","status":"publish","type":"post","link":"https:\/\/corrientesdetarde.com\/index.php\/deportes\/cuello-noqueo-en-el-segundo-round-y-se-consagro-campeon\/","title":{"rendered":"Cuello noque\u00f3 en el segundo round y se consagr\u00f3 campe\u00f3n."},"content":{"rendered":"\n<h2 class=\"wp-block-heading\">El pugilista santafesino se impuso sobre el mexicano Sergio R\u00edos para quedarse con el t\u00edtulo interino de la Asociaci\u00f3n Mundial de Boxeo (AMB) de peso pluma.<\/h2>\n\n\n\n<p>En el peculiar Martyrs of Benina Stadium de Libia, en \u00c1frica, Mirco Cuello se qued\u00f3 con t\u00edtulo interino de la Asociaci\u00f3n Mundial de Boxeo (AMB) de peso pluma. El boxeador santafesino apabull\u00f3 al mexicano Sergio R\u00edos y le gan\u00f3 en dos rounds v\u00eda KO. De esta manera, el pugilista de 24 a\u00f1os, que se mantiene invicto con un r\u00e9cord de 16-0, sigue enalteciendo su carrera en el deporte y marc\u00f3 un hito en el boxeo albiceleste.<\/p>\n\n\n\n<p>La haza\u00f1a sucedi\u00f3 bajo la atenta mirada del hist\u00f3rico Mike Tyson, que dijo presente en el norte de \u00c1frica para mirar la pelea de cerca. El combate principal tuvo al argentino Mirco Cuello como protagonista. El pugilista albiceleste sali\u00f3 al frente desde el primer round y domin\u00f3 el centro del cuadril\u00e1tero. De hecho, en este logr\u00f3 conectar varias manos pesadas y el mexicano cay\u00f3 a la lona despu\u00e9s de un jab directo.<\/p>\n\n\n\n<p>Cuello sigui\u00f3 impregnando el ritmo en la pelea y domin\u00f3 el segundo round con el mismo \u00edmpetu. Al igual que en el primero, Mirco tir\u00f3 a la lona nuevamente a Sergio R\u00edos con una potente zurda. Inmediatamente el \u00e1rbitro reanud\u00f3 la acci\u00f3n, el argentino impregn\u00f3 su presi\u00f3n y meti\u00f3 el golpe definitivo para consagrarse campe\u00f3n del t\u00edtulo interino de la Asociaci\u00f3n Mundial de Boxeo (AMB) del peso pluma.<\/p>\n\n\n\n<p>De esta manera, Mirco Cuello se convirti\u00f3 en el 43\u00b0 argentino en conseguir un t\u00edtulo mundial, adem\u00e1s de ser el cuarto en la divisi\u00f3n de peso pluma. Anteriormente, lo hab\u00edan conseguido Pablo Chac\u00f3n (Organizaci\u00f3n Mundial de Boxeo), Jonathan Barros (AMB) y Jes\u00fas Cuellar (AMB).<\/p>\n\n\n\n<p>&nbsp;Adem\u00e1s, el pugilista argentino se transform\u00f3 en el cuarto campe\u00f3n mundial m\u00e1s joven de la actualidad. Entre los 73 peleadores reconocidos por los cuatro principales organismos, solo lo superan el puertorrique\u00f1o Xander Zayas (22 a\u00f1os y 337 d\u00edas), el japon\u00e9s Kyosuke Takami (23 a\u00f1os y 126 d\u00edas) y el estadounidense Brian Norman (24 a\u00f1os y 258 d\u00edas).<\/p>\n","protected":false},"excerpt":{"rendered":"<p>El pugilista santafesino se impuso sobre el mexicano Sergio R\u00edos para quedarse con el t\u00edtulo interino de la Asociaci\u00f3n Mundial de Boxeo (AMB) de peso pluma. En el peculiar Martyrs&hellip; <\/p>\n","protected":false},"author":6,"featured_media":221398,"comment_status":"closed","ping_status":"open","sticky":false,"template":"","format":"standard","meta":{"footnotes":""},"categories":[4],"tags":[],"class_list":["post-221384","post","type-post","status-publish","format-standard","has-post-thumbnail","hentry","category-deportes"],"_links":{"self":[{"href":"https:\/\/corrientesdetarde.com\/index.php\/wp-json\/wp\/v2\/posts\/221384","targetHints":{"allow":["GET"]}}],"collection":[{"href":"https:\/\/corrientesdetarde.com\/index.php\/wp-json\/wp\/v2\/posts"}],"about":[{"href":"https:\/\/corrientesdetarde.com\/index.php\/wp-json\/wp\/v2\/types\/post"}],"author":[{"embeddable":true,"href":"https:\/\/corrientesdetarde.com\/index.php\/wp-json\/wp\/v2\/users\/6"}],"replies":[{"embeddable":true,"href":"https:\/\/corrientesdetarde.com\/index.php\/wp-json\/wp\/v2\/comments?post=221384"}],"version-history":[{"count":1,"href":"https:\/\/corrientesdetarde.com\/index.php\/wp-json\/wp\/v2\/posts\/221384\/revisions"}],"predecessor-version":[{"id":221399,"href":"https:\/\/corrientesdetarde.com\/index.php\/wp-json\/wp\/v2\/posts\/221384\/revisions\/221399"}],"wp:featuredmedia":[{"embeddable":true,"href":"https:\/\/corrientesdetarde.com\/index.php\/wp-json\/wp\/v2\/media\/221398"}],"wp:attachment":[{"href":"https:\/\/corrientesdetarde.com\/index.php\/wp-json\/wp\/v2\/media?parent=221384"}],"wp:term":[{"taxonomy":"category","embeddable":true,"href":"https:\/\/corrientesdetarde.com\/index.php\/wp-json\/wp\/v2\/categories?post=221384"},{"taxonomy":"post_tag","embeddable":true,"href":"https:\/\/corrientesdetarde.com\/index.php\/wp-json\/wp\/v2\/tags?post=221384"}],"curies":[{"name":"wp","href":"https:\/\/api.w.org\/{rel}","templated":true}]}}