{"id":221386,"date":"2025-08-09T11:20:00","date_gmt":"2025-08-09T14:20:00","guid":{"rendered":"https:\/\/corrientesdetarde.com\/?p=221386"},"modified":"2025-08-09T11:19:45","modified_gmt":"2025-08-09T14:19:45","slug":"nech-presento-angel-la-cancion-de-la-microserie-bon-vivant","status":"publish","type":"post","link":"https:\/\/corrientesdetarde.com\/index.php\/espectaculos\/nech-presento-angel-la-cancion-de-la-microserie-bon-vivant\/","title":{"rendered":"Nech present\u00f3 \u201c\u00c1ngel\u201d, la canci\u00f3n de la microserie \u201cBon Vivant\u201d."},"content":{"rendered":"\n<h2 class=\"wp-block-heading\">El artista se consolida como una de las nuevas voces argentinas y va por m\u00e1s.<\/h2>\n\n\n\n<p>El cantante, compositor y guitarrista Nech present\u00f3 &#8220;<strong>\u00c1ngel&#8221;<\/strong>, compuesta especialmente como la canci\u00f3n original de\u00a0<em><strong>Bon Vivant<\/strong><\/em>, la primera microhistoria vertical de producci\u00f3n original de The Eleven Hub, unidad creativa de SDO Entertainment. Con una propuesta sonora que fusiona pop, brit-pop y atm\u00f3sferas experimentales, ser\u00e1 el tema que musicalice los momentos claves de la serie.<\/p>\n\n\n\n<p>Este corte condensa en pocos minutos la tensi\u00f3n, el misterio y la intensidad emocional que atraviesan la trama de&nbsp;<em>Bon Vivant<\/em>: la historia de un encantador estafador profesional que se ve enfrentado a una millonaria brillante y enigm\u00e1tica con un plan propio. Enga\u00f1os, secretos y una qu\u00edmica explosiva marcan el pulso de este relato pensado para ser consumido en episodios breves y en formato vertical, dirigido a las nuevas audiencias digitales.<\/p>\n\n\n\n<p>El videoclip de \u201c\u00c1ngel\u201d, dirigido por Julieta Schwartz, acompa\u00f1a la narrativa con im\u00e1genes sofisticadas y una est\u00e9tica que dialoga con la arquitectura contempor\u00e1nea. Con Nech como protagonista junto a la actriz Mariana Antunes Fern\u00e1ndez el video tiene como escenario la mansi\u00f3n de Mar\u00eda Valeria Ferrante de Tribeca Concept, un lugar que refuerza el esp\u00edritu vanguardista del proyecto.<\/p>\n\n\n\n<figure class=\"wp-block-image\"><img decoding=\"async\" src=\"https:\/\/tn.com.ar\/resizer\/v2\/nech-potencia-su-carrera-como-cantante-foto-prensa-loreley-ramirez--S2YD5NMFMVH4LCRO6FNP2BP2LY.PNG?auth=bb8a52e92066a75a377d63de48051d56e929de9d8d35c8b716fd741440b216b5&amp;width=767\" alt=\"Nech potencia su carrera como cantante. (Foto: Prensa Loreley Ram\u00edrez )\"\/><figcaption class=\"wp-element-caption\">Nech potencia su carrera como cantante. (Foto: Prensa Loreley Ram\u00edrez )<\/figcaption><\/figure>\n\n\n\n<p>Nech es un artista multifac\u00e9tico que se destaca tanto como int\u00e9rprete como compositor y productor. Su estilo, nutrido de influencias del post-punk, folk y brit-pop, se caracteriza por una est\u00e9tica sonora sombr\u00eda y experimental, con una fuerte identidad visual. A lo largo de estos a\u00f1os colabor\u00f3 en proyectos teatrales y con artistas internacionales, consolid\u00e1ndose como una de las propuestas m\u00e1s singulares de la nueva escena musical argentina. Pronto tambi\u00e9n desembarcar\u00e1 en calle Corrientes, con un show en Club Temple el pr\u00f3ximo 22 de agosto.<\/p>\n","protected":false},"excerpt":{"rendered":"<p>El artista se consolida como una de las nuevas voces argentinas y va por m\u00e1s. El cantante, compositor y guitarrista Nech present\u00f3 &#8220;\u00c1ngel&#8221;, compuesta especialmente como la canci\u00f3n original de\u00a0Bon&hellip; <\/p>\n","protected":false},"author":6,"featured_media":221391,"comment_status":"closed","ping_status":"open","sticky":false,"template":"","format":"standard","meta":{"footnotes":""},"categories":[19],"tags":[],"class_list":["post-221386","post","type-post","status-publish","format-standard","has-post-thumbnail","hentry","category-espectaculos"],"_links":{"self":[{"href":"https:\/\/corrientesdetarde.com\/index.php\/wp-json\/wp\/v2\/posts\/221386","targetHints":{"allow":["GET"]}}],"collection":[{"href":"https:\/\/corrientesdetarde.com\/index.php\/wp-json\/wp\/v2\/posts"}],"about":[{"href":"https:\/\/corrientesdetarde.com\/index.php\/wp-json\/wp\/v2\/types\/post"}],"author":[{"embeddable":true,"href":"https:\/\/corrientesdetarde.com\/index.php\/wp-json\/wp\/v2\/users\/6"}],"replies":[{"embeddable":true,"href":"https:\/\/corrientesdetarde.com\/index.php\/wp-json\/wp\/v2\/comments?post=221386"}],"version-history":[{"count":1,"href":"https:\/\/corrientesdetarde.com\/index.php\/wp-json\/wp\/v2\/posts\/221386\/revisions"}],"predecessor-version":[{"id":221392,"href":"https:\/\/corrientesdetarde.com\/index.php\/wp-json\/wp\/v2\/posts\/221386\/revisions\/221392"}],"wp:featuredmedia":[{"embeddable":true,"href":"https:\/\/corrientesdetarde.com\/index.php\/wp-json\/wp\/v2\/media\/221391"}],"wp:attachment":[{"href":"https:\/\/corrientesdetarde.com\/index.php\/wp-json\/wp\/v2\/media?parent=221386"}],"wp:term":[{"taxonomy":"category","embeddable":true,"href":"https:\/\/corrientesdetarde.com\/index.php\/wp-json\/wp\/v2\/categories?post=221386"},{"taxonomy":"post_tag","embeddable":true,"href":"https:\/\/corrientesdetarde.com\/index.php\/wp-json\/wp\/v2\/tags?post=221386"}],"curies":[{"name":"wp","href":"https:\/\/api.w.org\/{rel}","templated":true}]}}