{"id":221387,"date":"2025-08-09T11:10:00","date_gmt":"2025-08-09T14:10:00","guid":{"rendered":"https:\/\/corrientesdetarde.com\/?p=221387"},"modified":"2025-08-09T11:17:48","modified_gmt":"2025-08-09T14:17:48","slug":"kicillof-hablo-sobre-una-posible-candidatura-de-maximo-kirchner-en-octubre","status":"publish","type":"post","link":"https:\/\/corrientesdetarde.com\/index.php\/politica\/kicillof-hablo-sobre-una-posible-candidatura-de-maximo-kirchner-en-octubre\/","title":{"rendered":"Kicillof habl\u00f3 sobre una posible candidatura de M\u00e1ximo Kirchner en octubre."},"content":{"rendered":"\n<h2 class=\"wp-block-heading\">El gobernador bonaerense asegur\u00f3 que el peronismo debe \u201cenfrentar a Milei con una sola boleta\u201d en las elecciones del 26 de octubre.<\/h2>\n\n\n\n<p>A poco m\u00e1s de una semana del cierre de listas para las\u00a0<strong>elecciones legislativas nacionales del 26 de octubre<\/strong>, la interna del peronismo volvi\u00f3 a quedar en el centro de la escena. Aunque la unidad para los comicios bonaerenses del 7 de septiembre ya est\u00e1 sellada, el futuro de la boleta nacional todav\u00eda genera incertidumbre. En ese contexto,\u00a0<strong>Axel Kicillof<\/strong>\u00a0se refiri\u00f3 a la chance de que\u00a0<strong>M\u00e1ximo Kirchner<\/strong>\u00a0encabece la lista de diputados por la provincia de Buenos Aires.<\/p>\n\n\n\n<p><strong>\u201cEn octubre tenemos que ir de nuevo con una sola boleta. Eso es fundamental. Estamos muy cerca\u201d<\/strong>, remarc\u00f3 el gobernador bonaerense en un reportaje con&nbsp;<em>Futurock<\/em>.<\/p>\n\n\n\n<p>Y ampli\u00f3:&nbsp;<strong>\u201cNo charl\u00e9 con M\u00e1ximo sobre su posibilidad de ser candidato. No hay veto para nadie<\/strong>&nbsp;ni quiero cerrar opciones.&nbsp;<strong>Tenemos que ponernos de acuerdo entre todos\u201d.<\/strong><\/p>\n\n\n\n<p><strong>\u201cEst\u00e1n surgiendo diferentes propuestas para encabezar la boleta.&nbsp;<\/strong>Todav\u00eda no lo hemos saldado, ya lo haremos\u201d, mencion\u00f3, sin dar mayores definiciones. \u201cMe parece bien que haya candidatos, ideas, propuestas. Lo fundamental es que eso permita representarnos en octubre.&nbsp;<strong>El objetivo que tenemos ahora es simple: ponerle un freno a Milei, decirle \u2018hasta ac\u00e1 llegaste\u2019\u201d<\/strong>, insisti\u00f3.<\/p>\n\n\n\n<p>El gobernador remarc\u00f3: \u201cTenemos que ponernos de acuerdo entre todos y que sea algo expresivo de todos los sectores y que contenga a todos los sectores. Y me parece que, en ese sentido, yo tampoco quiero cerrar opciones\u201d.<\/p>\n\n\n\n<h2 class=\"wp-block-heading\">La interna del peronismo<\/h2>\n\n\n\n<p>Sobre el avance de las negociaciones puertas adentro del peronismo, Kicillof afirm\u00f3: \u201cEst\u00e1n avanzadas y con ganas, vocaci\u00f3n.&nbsp;<strong>Hay diferencias, s\u00ed.&nbsp;<\/strong>Yo no me quiero hacer el tonto con esto\u201d.<\/p>\n\n\n\n<p>En ese sentido, profundiz\u00f3:&nbsp;<strong>\u201cSi la interna es el tema predominante ahora, la estamos pifiando<\/strong>, porque conseguimos concretamente boletas conjuntas. Entonces, ya est\u00e1. Decidimos ir a esta elecci\u00f3n todos juntos\u201d.<\/p>\n\n\n\n<p>\u201cLas diferencias que tenemos hoy entre los sectores son tanto m\u00e1s acotadas que lo que nos une contra lo que quiere hacer y est\u00e1 haciendo Milei, y lo que representa la elecci\u00f3n de septiembre. Tenemos que darle a la sociedad una alternativa\u201d, evalu\u00f3.<\/p>\n\n\n\n<p>A su vez, neg\u00f3 una proyecci\u00f3n propia rumbo a 2027.&nbsp;<strong>\u201cNo estoy trabajando en un proyecto presidencial. Hicimos un intento muy fuerte, que sali\u00f3 bien, de conseguir una sola boleta.&nbsp;<\/strong>Y vamos camino a que se repita en octubre. Hoy tenemos una meta mucho m\u00e1s sencilla: frenar a Milei.&nbsp;<strong>Yo no soy candidato a nada\u201d.<\/strong><\/p>\n\n\n\n<h2 class=\"wp-block-heading\">Cr\u00edticas al PRO y la estrategia electoral en la provincia<\/h2>\n\n\n\n<p>Consultado sobre la posibilidad de que&nbsp;<strong>La Libertad Avanza<\/strong>&nbsp;se imponga en las legislativas bonaerenses, Kicillof ironiz\u00f3 sobre la situaci\u00f3n del PRO:&nbsp;<strong>\u201cNo se unieron. Al PRO lo metieron en \u00e1cido sulf\u00farico, en \u00e1cido violeta y qued\u00f3 violeta\u201d.<\/strong><\/p>\n\n\n\n<p>Desde la perspectiva del gobernador, el peronismo logr\u00f3, a diferencia de la oposici\u00f3n, la unidad en el territorio bonaerense:&nbsp;<strong>\u201c\u00bfQu\u00e9 tenemos hoy en Provincia?<\/strong>&nbsp;Que ellos van divididos y nosotros vamos con una sola boleta. Me parece que es un logro, un m\u00e9rito que hay que poner en valor en este momento\u201d.<\/p>\n\n\n\n<p>Adem\u00e1s, Kicillof defendi\u00f3 su estilo de gesti\u00f3n y campa\u00f1a: \u201cYa di cinco vueltas enteras a la provincia. Nunca hab\u00eda pasado antes y tiene que ver con una forma de gobernar\u201d.<\/p>\n\n\n\n<p>El gobernador bonaerense aludi\u00f3 tambi\u00e9n a la estrategia electoral del oficialismo:<strong>&nbsp;\u201cMilei mira septiembre y mira octubre, tambi\u00e9n, como un cheque en blanco<\/strong>, como una convalidaci\u00f3n. Lo dijo 20 veces\u201d.<\/p>\n\n\n\n<p>\u201cHoy conseguimos que el PRO vaya dividido en provincia de Buenos Aires, que los radicales vayan divididos, que una parte se haya hecho violeta humillantemente. El PRO perdi\u00f3 la identidad, las convicciones y perdi\u00f3 incluso los consultores\u201d, enfatiz\u00f3.<\/p>\n\n\n\n<p><\/p>\n","protected":false},"excerpt":{"rendered":"<p>El gobernador bonaerense asegur\u00f3 que el peronismo debe \u201cenfrentar a Milei con una sola boleta\u201d en las elecciones del 26 de octubre. A poco m\u00e1s de una semana del cierre&hellip; <\/p>\n","protected":false},"author":6,"featured_media":221389,"comment_status":"closed","ping_status":"open","sticky":false,"template":"","format":"standard","meta":{"footnotes":""},"categories":[3],"tags":[],"class_list":["post-221387","post","type-post","status-publish","format-standard","has-post-thumbnail","hentry","category-politica"],"_links":{"self":[{"href":"https:\/\/corrientesdetarde.com\/index.php\/wp-json\/wp\/v2\/posts\/221387","targetHints":{"allow":["GET"]}}],"collection":[{"href":"https:\/\/corrientesdetarde.com\/index.php\/wp-json\/wp\/v2\/posts"}],"about":[{"href":"https:\/\/corrientesdetarde.com\/index.php\/wp-json\/wp\/v2\/types\/post"}],"author":[{"embeddable":true,"href":"https:\/\/corrientesdetarde.com\/index.php\/wp-json\/wp\/v2\/users\/6"}],"replies":[{"embeddable":true,"href":"https:\/\/corrientesdetarde.com\/index.php\/wp-json\/wp\/v2\/comments?post=221387"}],"version-history":[{"count":1,"href":"https:\/\/corrientesdetarde.com\/index.php\/wp-json\/wp\/v2\/posts\/221387\/revisions"}],"predecessor-version":[{"id":221390,"href":"https:\/\/corrientesdetarde.com\/index.php\/wp-json\/wp\/v2\/posts\/221387\/revisions\/221390"}],"wp:featuredmedia":[{"embeddable":true,"href":"https:\/\/corrientesdetarde.com\/index.php\/wp-json\/wp\/v2\/media\/221389"}],"wp:attachment":[{"href":"https:\/\/corrientesdetarde.com\/index.php\/wp-json\/wp\/v2\/media?parent=221387"}],"wp:term":[{"taxonomy":"category","embeddable":true,"href":"https:\/\/corrientesdetarde.com\/index.php\/wp-json\/wp\/v2\/categories?post=221387"},{"taxonomy":"post_tag","embeddable":true,"href":"https:\/\/corrientesdetarde.com\/index.php\/wp-json\/wp\/v2\/tags?post=221387"}],"curies":[{"name":"wp","href":"https:\/\/api.w.org\/{rel}","templated":true}]}}