{"id":221394,"date":"2025-08-09T11:33:05","date_gmt":"2025-08-09T14:33:05","guid":{"rendered":"https:\/\/corrientesdetarde.com\/?p=221394"},"modified":"2025-08-09T11:33:17","modified_gmt":"2025-08-09T14:33:17","slug":"elecciones-nacionales-en-santa-fe-seis-alianzas-y-cuatro-partidos-inscriptos","status":"publish","type":"post","link":"https:\/\/corrientesdetarde.com\/index.php\/politica\/elecciones-nacionales-en-santa-fe-seis-alianzas-y-cuatro-partidos-inscriptos\/","title":{"rendered":"ELECCIONES NACIONALES EN SANTA FE: SEIS ALIANZAS Y CUATRO PARTIDOS INSCRIPTOS"},"content":{"rendered":"\n<p><strong>Los frentes o alianzas:<\/strong>El frente<strong>&nbsp;\u201cAvanza Libertad\u201d<\/strong>&nbsp;est\u00e1 compuesto por UNIR, Uced\u00e9 y Uni\u00f3n Celeste y Blanco.<\/p>\n\n\n\n<p>El<strong>&nbsp;FIT&nbsp;<\/strong>est\u00e1 integrado por el Partido Obrero, Partido de Trabajadores por el Socialismo, Nueva Izquierda y Izquierda por una Opci\u00f3n Socialista.<strong>Defendamos Santa Fe<\/strong>, conformado por el MID y el partido Pais.<br><strong>Frente Amplio por la Soberan\u00eda<\/strong>, con Partido del Trabajo y del Pueblo, Movimiento Libres del Sur, Participaci\u00f3n \u00c9tica y Solidaridad, Liga de los Pueblos Libres.<br>El frente<strong>&nbsp;Fuerza Patria<\/strong>&nbsp;que componen el Partido Federal, Partido del Progreso Social, Ciudad Futura, el PJ, Santafesino Ciento por Ciento, Frente Grande, Principios y Valores, Partido Solidario, Instrumento Electoral por la Unidad Popular, el Frente Renovador y Patria Grande.<br>La coalici\u00f3n&nbsp;<strong>Provincias Unidas<\/strong>&nbsp;que nuclea al PRO, el PDP, Hacemos, Partido Tercera Posici\u00f3n, la UCR, GEN, el PS, Partido Dem\u00f3crata Cristiano y Elijo Creer.<\/p>\n\n\n\n<p><strong>Los partidos pol\u00edticos:<\/strong><br>La Libertad Avanza<br>Movimiento Independiente Renovador<br>Nuevas Ideas<br>Movimiento al Socialismo<\/p>\n","protected":false},"excerpt":{"rendered":"<p>Los frentes o alianzas:El frente&nbsp;\u201cAvanza Libertad\u201d&nbsp;est\u00e1 compuesto por UNIR, Uced\u00e9 y Uni\u00f3n Celeste y Blanco. El&nbsp;FIT&nbsp;est\u00e1 integrado por el Partido Obrero, Partido de Trabajadores por el Socialismo, Nueva Izquierda y&hellip; <\/p>\n","protected":false},"author":11,"featured_media":221396,"comment_status":"closed","ping_status":"open","sticky":false,"template":"","format":"standard","meta":{"footnotes":""},"categories":[3],"tags":[],"class_list":["post-221394","post","type-post","status-publish","format-standard","has-post-thumbnail","hentry","category-politica"],"_links":{"self":[{"href":"https:\/\/corrientesdetarde.com\/index.php\/wp-json\/wp\/v2\/posts\/221394","targetHints":{"allow":["GET"]}}],"collection":[{"href":"https:\/\/corrientesdetarde.com\/index.php\/wp-json\/wp\/v2\/posts"}],"about":[{"href":"https:\/\/corrientesdetarde.com\/index.php\/wp-json\/wp\/v2\/types\/post"}],"author":[{"embeddable":true,"href":"https:\/\/corrientesdetarde.com\/index.php\/wp-json\/wp\/v2\/users\/11"}],"replies":[{"embeddable":true,"href":"https:\/\/corrientesdetarde.com\/index.php\/wp-json\/wp\/v2\/comments?post=221394"}],"version-history":[{"count":1,"href":"https:\/\/corrientesdetarde.com\/index.php\/wp-json\/wp\/v2\/posts\/221394\/revisions"}],"predecessor-version":[{"id":221397,"href":"https:\/\/corrientesdetarde.com\/index.php\/wp-json\/wp\/v2\/posts\/221394\/revisions\/221397"}],"wp:featuredmedia":[{"embeddable":true,"href":"https:\/\/corrientesdetarde.com\/index.php\/wp-json\/wp\/v2\/media\/221396"}],"wp:attachment":[{"href":"https:\/\/corrientesdetarde.com\/index.php\/wp-json\/wp\/v2\/media?parent=221394"}],"wp:term":[{"taxonomy":"category","embeddable":true,"href":"https:\/\/corrientesdetarde.com\/index.php\/wp-json\/wp\/v2\/categories?post=221394"},{"taxonomy":"post_tag","embeddable":true,"href":"https:\/\/corrientesdetarde.com\/index.php\/wp-json\/wp\/v2\/tags?post=221394"}],"curies":[{"name":"wp","href":"https:\/\/api.w.org\/{rel}","templated":true}]}}