{"id":221519,"date":"2025-08-10T18:45:33","date_gmt":"2025-08-10T21:45:33","guid":{"rendered":"https:\/\/corrientesdetarde.com\/?p=221519"},"modified":"2025-08-11T09:46:43","modified_gmt":"2025-08-11T12:46:43","slug":"polich-en-multitudinario-acto-llamo-a-redoblar-el-compromiso-rumbo-al-31-de-agosto","status":"publish","type":"post","link":"https:\/\/corrientesdetarde.com\/index.php\/politica\/polich-en-multitudinario-acto-llamo-a-redoblar-el-compromiso-rumbo-al-31-de-agosto\/","title":{"rendered":"Polich en multitudinario acto llam\u00f3 a redoblar el compromiso rumbo al 31 de agosto"},"content":{"rendered":"\n<p>El candidato a intendente por la alianza Vamos Corrientes, Claudio Polich, particip\u00f3 este s\u00e1bado de un masivo encuentro con vecinos y militantes en el barrio 17 de Agosto, donde destac\u00f3 el compromiso ciudadano y el rol clave de la militancia en el desaf\u00edo electoral del pr\u00f3ximo 31 de agosto.&nbsp;Estuvo junto al candidato a gobernador Juan Pablo Vald\u00e9s y dem\u00e1s candidatos del frente gobernnante.<\/p>\n\n\n\n<p>En una noche fr\u00eda pero con gran convocatoria, Polich agradeci\u00f3 a cada uno de los vecinos y militantes por \u201cdestinar tiempo que podr\u00edan estar usando en familia o en otras actividades, para escuchar las propuestas y sumarse a este proyecto que quiere seguir transformando Corrientes\u201d.<\/p>\n\n\n\n<p>\u201cLo hacemos con alegr\u00eda, optimismo, ganas y pasi\u00f3n, porque sabemos que estamos en el camino correcto. La pol\u00edtica es la gente, y por eso es tan importante cada palmada, cada voz de aliento, cada gesto de apoyo. Nos queda poco para llegar al 31 y es ahora cuando debemos redoblar los esfuerzos, llegar a cada vecino, motivar a todos para que voten por Vamos Corrientes, porque hay un equipo que sabe c\u00f3mo seguir construyendo esta ciudad y esta provincia\u201d, expres\u00f3.<\/p>\n\n\n\n<p>En ese sentido, llam\u00f3 a no caer en el \u201ctriunfalismo\u201d y a mantener el trabajo intenso hasta el \u00faltimo d\u00eda: \u201cNinguna victoria est\u00e1 asegurada. Es ahora donde se define el partido, donde se construye el voto. Tenemos que seguir trabajando juntos, sin aflojar, para construir el futuro que es de todos. \u00a1Vamos Corrientes!\u201d.<\/p>\n\n\n\n<p>El encuentro se enmarc\u00f3 en la agenda de actividades territoriales que el equipo de la alianza viene desarrollando en distintos barrios de la ciudad, escuchando a los vecinos y reforzando el mensaje de unidad, compromiso y gesti\u00f3n para los pr\u00f3ximos a\u00f1os en la ciudad.&nbsp;En la ocasi\u00f3n fueron oradores: los candidatos Caludio Polich, Pedro Braillard Poccard, Ariel B\u00e1ez, Ingrid Jetter, Eduardo Tassano, Hugo Calvano, Andrea Giotta, Emilio Lanari Gabriela Gauna y Melisa Mecca, como as\u00ed tambi\u00e9n el senador nacional Carlos Esp\u00ednola, quedando el cierre de los discursos en manos de Juan Pablo Vald\u00e9s, asegurando que &#8220;nosotros, desde la Provincia, vamos a trabajar junto a Claudio Plich y Ariel B\u00e1ez para que se siga desarrollando cada barrio de la Capital. No tengan dudas que vamos a trabajar para que el asfalto llegue a todos los barrios capitalinos. Queremos que esta Capital brille, porque es nuestro orgullo&#8221;.&nbsp;<\/p>\n","protected":false},"excerpt":{"rendered":"<p>El candidato a intendente por la alianza Vamos Corrientes, Claudio Polich, particip\u00f3 este s\u00e1bado de un masivo encuentro con vecinos y militantes en el barrio 17 de Agosto, donde destac\u00f3&hellip; <\/p>\n","protected":false},"author":4,"featured_media":221528,"comment_status":"closed","ping_status":"open","sticky":false,"template":"","format":"standard","meta":{"footnotes":""},"categories":[8,3],"tags":[],"class_list":["post-221519","post","type-post","status-publish","format-standard","has-post-thumbnail","hentry","category-locales","category-politica"],"_links":{"self":[{"href":"https:\/\/corrientesdetarde.com\/index.php\/wp-json\/wp\/v2\/posts\/221519","targetHints":{"allow":["GET"]}}],"collection":[{"href":"https:\/\/corrientesdetarde.com\/index.php\/wp-json\/wp\/v2\/posts"}],"about":[{"href":"https:\/\/corrientesdetarde.com\/index.php\/wp-json\/wp\/v2\/types\/post"}],"author":[{"embeddable":true,"href":"https:\/\/corrientesdetarde.com\/index.php\/wp-json\/wp\/v2\/users\/4"}],"replies":[{"embeddable":true,"href":"https:\/\/corrientesdetarde.com\/index.php\/wp-json\/wp\/v2\/comments?post=221519"}],"version-history":[{"count":1,"href":"https:\/\/corrientesdetarde.com\/index.php\/wp-json\/wp\/v2\/posts\/221519\/revisions"}],"predecessor-version":[{"id":221529,"href":"https:\/\/corrientesdetarde.com\/index.php\/wp-json\/wp\/v2\/posts\/221519\/revisions\/221529"}],"wp:featuredmedia":[{"embeddable":true,"href":"https:\/\/corrientesdetarde.com\/index.php\/wp-json\/wp\/v2\/media\/221528"}],"wp:attachment":[{"href":"https:\/\/corrientesdetarde.com\/index.php\/wp-json\/wp\/v2\/media?parent=221519"}],"wp:term":[{"taxonomy":"category","embeddable":true,"href":"https:\/\/corrientesdetarde.com\/index.php\/wp-json\/wp\/v2\/categories?post=221519"},{"taxonomy":"post_tag","embeddable":true,"href":"https:\/\/corrientesdetarde.com\/index.php\/wp-json\/wp\/v2\/tags?post=221519"}],"curies":[{"name":"wp","href":"https:\/\/api.w.org\/{rel}","templated":true}]}}