{"id":221524,"date":"2025-08-10T18:43:53","date_gmt":"2025-08-10T21:43:53","guid":{"rendered":"https:\/\/corrientesdetarde.com\/?p=221524"},"modified":"2025-08-10T18:44:04","modified_gmt":"2025-08-10T21:44:04","slug":"en-el-marco-del-programa-hermanos-del-vera-el-centro-cultural-ituzaingo-renace","status":"publish","type":"post","link":"https:\/\/corrientesdetarde.com\/index.php\/cultura\/en-el-marco-del-programa-hermanos-del-vera-el-centro-cultural-ituzaingo-renace\/","title":{"rendered":"En el marco del programa Hermanos del Vera, el \u201cCentro Cultural Ituzaing\u00f3 Renace\u201d\u00a0"},"content":{"rendered":"\n<p>Desde las 19.30 de este lunes&nbsp;se llevar\u00e1 adelante en la localidad de Ituzaing\u00f3 el acto protocolar de reapertura del Centro Cultural Ituzaing\u00f3, seguido del estreno de la obra in\u00e9dita bajo direcci\u00f3n de Edu Gondell y Mar\u00eda Laura Cattalani con gran elenco local y artistas invitados como Juan Rod\u00f3 y Los de Imaguar\u00e9<\/p>\n\n\n\n<p>El programa de refacci\u00f3n y puesta en valor de salas y teatros del interior de Corrientes ideado por el Teatro Oficial Juan de Vera bajo direcci\u00f3n de Lourdes S\u00e1nchez y con apoyo del Gobierno de la provincia tiene por objetivo ofrecer refacciones y equipamiento para la puesta en valor de los espacios culturales del interior provincial, propiciando mejoras en dichos espacios a fines de seguir promoviendo la circulaci\u00f3n de contenidos culturales de la comunidad y de otros puntos del pa\u00eds en cada localidad.<\/p>\n\n\n\n<p>Desde las 19.30 hs, frente al edificio del Centro Cultural Ituzaing\u00f3 tendr\u00e1 lugar el acto de reapertura del espacio cultural por autonomasia de la localidad correntina, con la participaci\u00f3n de autoridades municipales y del gobierno provincial para luego dar paso a la obra in\u00e9dita, a desarrollarse en el remozado escenario.<\/p>\n\n\n\n<figure class=\"wp-block-image size-full\"><img loading=\"lazy\" decoding=\"async\" width=\"499\" height=\"891\" src=\"https:\/\/corrientesdetarde.com\/wp-content\/uploads\/2025\/08\/image-346.png\" alt=\"\" class=\"wp-image-221525\" srcset=\"https:\/\/corrientesdetarde.com\/wp-content\/uploads\/2025\/08\/image-346.png 499w, https:\/\/corrientesdetarde.com\/wp-content\/uploads\/2025\/08\/image-346-168x300.png 168w\" sizes=\"auto, (max-width: 499px) 100vw, 499px\" \/><\/figure>\n\n\n\n<p>Participar\u00e1n Pietrina Catapano, Malena, Mar\u00eda Laura Cattalani, integrantes de la Academia Borgo, la compa\u00f1\u00eda de baile de Luis Marinoni, Juan Rodo, Mauro Bonamino, Los de Imaguar\u00e9 y el Grupo Dr\u00e1cula de Ituzaing\u00f3, que ha llevado a escena, como un tradici\u00f3n, la obra &#8220;Dr\u00e1cula, una historia de amor&#8221;, basada en &#8220;Dr\u00e1cula, el musical&#8221; en diversas oportunidades, con la participaci\u00f3n de los actores Juan Rod\u00f3, Cecilia Milone y Paola Krum.<\/p>\n\n\n\n<p>La obra \u201cCentro Cultural Ituzaing\u00f3 Renace\u201d se plantea como una oda a la localidad correntina y a sus referentes culturales, e incluye homenajes a Secundino Mart\u00ednez y Antonio Orellana. El cierre, en la calle , vendr\u00e1 de la mano de Los de Imaguar\u00e9.<\/p>\n\n\n\n<p>La Directora General del Teatro Oficial Juan de Vera, Lourdes S\u00e1nchez, manifest\u00f3 que \u201ceste proyecto surgido desde el teatro apunta a generar las mejores condiciones posibles para las salas y teatros del interior de Corrientes. Nuestra provincia es cuna de muchos artistas, hay talento en cada rinc\u00f3n del territorio y es necesario para estos artistas tener su casa, su templo del arte, en condiciones, no solamente en cuanto al escenario o a la sala para recibir al p\u00fablico, sino tambi\u00e9n sus camarines.&nbsp;<\/p>\n\n\n\n<p>Poner en valor los teatros y centros culturales del interior es mantener viva la cultura, generar nuevas plazas para espect\u00e1culos contribuye a que los productores que vengan de otros puntos del pa\u00eds y sepan que m\u00e1s all\u00e1 de la capital tambi\u00e9n hay teatros donde puedan presentar sus espect\u00e1culos\u201d finaliz\u00f3.<\/p>\n\n\n\n<p>Hermanos del Vera<\/p>\n\n\n\n<p>El programa se puso en marcha en 2024 mediante una etapa de relevamiento, y a inicios de este a\u00f1o, firma de convenio mediante con los intendentes de cada localidad, comenzaron las obras de refacci\u00f3n en el Teatro Cervantes de Curuz\u00fa Cuati\u00e1, la Sociedad Italiana de Esquina, y el Centro Cultural de Ituzaing\u00f3.&nbsp;<\/p>\n\n\n\n<p>En paralelo a las mejoras ediliceas, el Teatro Oficial Juan de Vera tras su modernizaci\u00f3n, don\u00f3 a las salas incluidas en el programa, gran parte de la escenot\u00e9cnica del coliseo correntino, como luminarias, consolas de sonido y otros artefactos.<\/p>\n\n\n\n<p>Para culminar la obras y celebrar la reapertura del espacio por autonomasia de la cultura ituzaingue\u00f1a, se realizar\u00e1 el lunes 11 un acto protocolar frente a sus puertas y la puesta en escena de la obra \u201cCentro Cultural Ituzaing\u00f3 Renace\u201d, con direcci\u00f3n de Mar\u00eda Laura Cattalini y Edu Gondell, y la participaci\u00f3n de artistas locales, como Malena Pinto, Mauro Bonamino, el ballet Borgo e invitados especiales.<\/p>\n\n\n\n<p>Centro Cultural Ituzaing\u00f3: las obras<\/p>\n\n\n\n<p>Edificado por la EBY, el Centro Cultural de Ituzaing\u00f3 fue refaccionado y puesto en valor a trav\u00e9s de diversas obras para su uso para artes esc\u00e9nicas y cine. Se intervinieron los camarines contiguos al escenario, con trabajos de carpinter\u00eda, dividiendo los camarines de los ba\u00f1os conexos. En los camarines se colocaron vitrinas iluminadas alrededor de los espejos para artistas, adem\u00e1s de realizarse reparaciones de carpinter\u00eda y pintura.&nbsp;<\/p>\n\n\n\n<p>Los ba\u00f1os tuvieron cambios en los revestimientos por otros m\u00e1s modernos, adem\u00e1s de reemplazarse los sanitarios y la colocaci\u00f3n de cielorrasos.&nbsp;<\/p>\n\n\n\n<p>El piso del escenario fue reparado a nuevo mediante una adici\u00f3n de plataformas de maderas. Tambi\u00e9n se reemplazaron los telones por nuevos entelados. Se colocaron reflectores para escenario y se repararon las butacas del auditorio. En el acceso al sal\u00f3n auditorio del Centro Cultural los sanitarios fueron reparados a nuevo, con cambios en los revestimientos y artefactos.<\/p>\n\n\n\n<p>+ Info<\/p>\n\n\n\n<p>Instagram | @teatrooficialjuandevera<\/p>\n","protected":false},"excerpt":{"rendered":"<p>Desde las 19.30 de este lunes&nbsp;se llevar\u00e1 adelante en la localidad de Ituzaing\u00f3 el acto protocolar de reapertura del Centro Cultural Ituzaing\u00f3, seguido del estreno de la obra in\u00e9dita bajo&hellip; <\/p>\n","protected":false},"author":4,"featured_media":221526,"comment_status":"closed","ping_status":"open","sticky":false,"template":"","format":"standard","meta":{"footnotes":""},"categories":[15],"tags":[],"class_list":["post-221524","post","type-post","status-publish","format-standard","has-post-thumbnail","hentry","category-cultura"],"_links":{"self":[{"href":"https:\/\/corrientesdetarde.com\/index.php\/wp-json\/wp\/v2\/posts\/221524","targetHints":{"allow":["GET"]}}],"collection":[{"href":"https:\/\/corrientesdetarde.com\/index.php\/wp-json\/wp\/v2\/posts"}],"about":[{"href":"https:\/\/corrientesdetarde.com\/index.php\/wp-json\/wp\/v2\/types\/post"}],"author":[{"embeddable":true,"href":"https:\/\/corrientesdetarde.com\/index.php\/wp-json\/wp\/v2\/users\/4"}],"replies":[{"embeddable":true,"href":"https:\/\/corrientesdetarde.com\/index.php\/wp-json\/wp\/v2\/comments?post=221524"}],"version-history":[{"count":1,"href":"https:\/\/corrientesdetarde.com\/index.php\/wp-json\/wp\/v2\/posts\/221524\/revisions"}],"predecessor-version":[{"id":221527,"href":"https:\/\/corrientesdetarde.com\/index.php\/wp-json\/wp\/v2\/posts\/221524\/revisions\/221527"}],"wp:featuredmedia":[{"embeddable":true,"href":"https:\/\/corrientesdetarde.com\/index.php\/wp-json\/wp\/v2\/media\/221526"}],"wp:attachment":[{"href":"https:\/\/corrientesdetarde.com\/index.php\/wp-json\/wp\/v2\/media?parent=221524"}],"wp:term":[{"taxonomy":"category","embeddable":true,"href":"https:\/\/corrientesdetarde.com\/index.php\/wp-json\/wp\/v2\/categories?post=221524"},{"taxonomy":"post_tag","embeddable":true,"href":"https:\/\/corrientesdetarde.com\/index.php\/wp-json\/wp\/v2\/tags?post=221524"}],"curies":[{"name":"wp","href":"https:\/\/api.w.org\/{rel}","templated":true}]}}