{"id":221536,"date":"2025-08-10T18:53:18","date_gmt":"2025-08-10T21:53:18","guid":{"rendered":"https:\/\/corrientesdetarde.com\/?p=221536"},"modified":"2025-08-10T18:53:29","modified_gmt":"2025-08-10T21:53:29","slug":"el-correntino-benjamin-romero-fernandez-se-consagro-campeon-mundial-de-taekwondo-itf","status":"publish","type":"post","link":"https:\/\/corrientesdetarde.com\/index.php\/deportes\/el-correntino-benjamin-romero-fernandez-se-consagro-campeon-mundial-de-taekwondo-itf\/","title":{"rendered":"El correntino Benjam\u00edn Romero Fern\u00e1ndez se consagr\u00f3 campe\u00f3n mundial de Taekwondo ITF"},"content":{"rendered":"\n<p>El joven de 17 a\u00f1os brill\u00f3 en el Mundial de Barcelona 2025, trayendo cinco medallas para Corrientes. Su profesor, Lautaro Romero del Castillo hablo con sobre este logro.<\/p>\n\n\n\n<p>enjam\u00edn Romero Fern\u00e1ndez sali\u00f3 campe\u00f3n del Mundial de Taekwondo ITF Barcelona 2025, Espa\u00f1a. El joven forma parte del equipo de competencia de Lautaro Romero del Castillo.<\/p>\n\n\n\n<p>Fern\u00e1ndez tiene 17 a\u00f1os y compiti\u00f3 en la categor\u00eda Dan hasta 65 kg., ganando en lucha y con el equipo en la selecci\u00f3n en lucha tambi\u00e9n; subcampe\u00f3n en Formas y subcampe\u00f3n en rotura de poder y habilidad. Desde Espa\u00f1a trae cinco medallas para Corrientes.<\/p>\n\n\n\n<p>El instructor de Yaguaret\u00e9 Team, Lautaro Romero del Castillo comento al respecto que\u00a0&#8220;hace un a\u00f1o y medio que nos venimos preparando para este mundial&#8221;, y agreg\u00f3 que &#8220;clasificar en Argentina es muy complicado por el hecho de que tenemos muchos competidores y de muy buen nivel&#8221;.<\/p>\n\n\n\n<figure class=\"wp-block-image\"><img decoding=\"async\" src=\"https:\/\/pxcdn.ellitoral.com.ar\/litoral\/072025\/1753632468648.jpeg?cw=446\" alt=\"El correntino Benjam\u00edn Romero Fern\u00e1ndez se consagr\u00f3 campe\u00f3n mundial de Taekwondo ITF\" title=\"El correntino Benjam\u00edn Romero Fern\u00e1ndez se consagr\u00f3 campe\u00f3n mundial de Taekwondo ITF-\"\/><\/figure>\n\n\n\n<p>Romero del Castillo&nbsp;compiti\u00f3 junto a su alumno pero en la categor\u00eda adultos pero perdi\u00f3 en la segunda ronda.<\/p>\n\n\n\n<p>Lautaro dijo que &#8220;en lo personal, tambi\u00e9n me esforc\u00e9 mucho porque ven\u00eda en busca de mi segundo campeonato mundial pero esta vez no se pudo dar&#8221;, y destac\u00f3 que &#8220;estoy contento por mi alumno porque hay un semillero muy lindo, mis alumnos vienen creciendo un mont\u00f3n&#8221;.<\/p>\n\n\n\n<figure class=\"wp-block-image\"><img decoding=\"async\" src=\"https:\/\/pxcdn.ellitoral.com.ar\/litoral\/072025\/1753632467781.jpeg?cw=446\" alt=\"El correntino Benjam\u00edn Romero Fern\u00e1ndez se consagr\u00f3 campe\u00f3n mundial de Taekwondo ITF\" title=\"El correntino Benjam\u00edn Romero Fern\u00e1ndez se consagr\u00f3 campe\u00f3n mundial de Taekwondo ITF-\"\/><\/figure>\n\n\n\n<p>&#8220;Tener mi primer alumno en un mundial y que se haya coronado campe\u00f3n, no tiene explicaci\u00f3n&#8221;, dijo Lautaro sobre Benjam\u00edn;&nbsp;&#8220;s\u00e9 todo lo que se esforz\u00f3 para lograrlo&#8221;, concluy\u00f3.<\/p>\n","protected":false},"excerpt":{"rendered":"<p>El joven de 17 a\u00f1os brill\u00f3 en el Mundial de Barcelona 2025, trayendo cinco medallas para Corrientes. Su profesor, Lautaro Romero del Castillo hablo con sobre este logro. enjam\u00edn Romero&hellip; <\/p>\n","protected":false},"author":4,"featured_media":221537,"comment_status":"closed","ping_status":"open","sticky":false,"template":"","format":"standard","meta":{"footnotes":""},"categories":[4],"tags":[],"class_list":["post-221536","post","type-post","status-publish","format-standard","has-post-thumbnail","hentry","category-deportes"],"_links":{"self":[{"href":"https:\/\/corrientesdetarde.com\/index.php\/wp-json\/wp\/v2\/posts\/221536","targetHints":{"allow":["GET"]}}],"collection":[{"href":"https:\/\/corrientesdetarde.com\/index.php\/wp-json\/wp\/v2\/posts"}],"about":[{"href":"https:\/\/corrientesdetarde.com\/index.php\/wp-json\/wp\/v2\/types\/post"}],"author":[{"embeddable":true,"href":"https:\/\/corrientesdetarde.com\/index.php\/wp-json\/wp\/v2\/users\/4"}],"replies":[{"embeddable":true,"href":"https:\/\/corrientesdetarde.com\/index.php\/wp-json\/wp\/v2\/comments?post=221536"}],"version-history":[{"count":1,"href":"https:\/\/corrientesdetarde.com\/index.php\/wp-json\/wp\/v2\/posts\/221536\/revisions"}],"predecessor-version":[{"id":221538,"href":"https:\/\/corrientesdetarde.com\/index.php\/wp-json\/wp\/v2\/posts\/221536\/revisions\/221538"}],"wp:featuredmedia":[{"embeddable":true,"href":"https:\/\/corrientesdetarde.com\/index.php\/wp-json\/wp\/v2\/media\/221537"}],"wp:attachment":[{"href":"https:\/\/corrientesdetarde.com\/index.php\/wp-json\/wp\/v2\/media?parent=221536"}],"wp:term":[{"taxonomy":"category","embeddable":true,"href":"https:\/\/corrientesdetarde.com\/index.php\/wp-json\/wp\/v2\/categories?post=221536"},{"taxonomy":"post_tag","embeddable":true,"href":"https:\/\/corrientesdetarde.com\/index.php\/wp-json\/wp\/v2\/tags?post=221536"}],"curies":[{"name":"wp","href":"https:\/\/api.w.org\/{rel}","templated":true}]}}