{"id":221550,"date":"2025-08-10T19:05:50","date_gmt":"2025-08-10T22:05:50","guid":{"rendered":"https:\/\/corrientesdetarde.com\/?p=221550"},"modified":"2025-08-10T19:05:53","modified_gmt":"2025-08-10T22:05:53","slug":"tragedia-en-corrientes-un-menor-murio-tras-chocar-su-moto-contra-un-auto","status":"publish","type":"post","link":"https:\/\/corrientesdetarde.com\/index.php\/policiales\/tragedia-en-corrientes-un-menor-murio-tras-chocar-su-moto-contra-un-auto\/","title":{"rendered":"Tragedia en Corrientes: un menor muri\u00f3 tras chocar su moto contra un auto"},"content":{"rendered":"\n<p>El informe policial indica que horas de la noche de ayer, personal policial dependientes de la Comisaria de Distrito 1ra de Esquina, tomaron conocimiento que por Ruta Nacional N\u00b0 12, km 700 aproximadamente se habr\u00eda registrado un sinestro vial, en el cual por causas y circunstancias que se tratan de establecer colisionaron un autom\u00f3vil y una motocicleta, dejando como resultado el deceso de un menor de edad.<\/p>\n\n\n\n<p>Seg\u00fan la informaci\u00f3n obtenida, el hecho se habr\u00eda registrado alrededor de las 23:00 horas, y tuvo como protagonistas a una motocicleta \u2013marca Honda de 190cc- el cual era guiado por un menor de 13 a\u00f1os edad, quien ten\u00eda como acompa\u00f1ante a una mujer de 36 a\u00f1os, y por otra parte un veh\u00edculo automotor \u2013marca Peugeot Partner, conducido por un hombre mayor de edad.<\/p>\n\n\n\n<p>A consecuencia del siniestro, el menor falleci\u00f3 en el lugar, en tanto que la mujer fue trasladada hasta el hospital local, donde tras ser examinada se determin\u00f3 que posee lesiones de car\u00e1cter graves.&nbsp;<\/p>\n\n\n\n<p>Por el hecho, en el lugar se llevaron a cabo las diligencias del caso, en tanto que en la citada dependencia se contin\u00faan con los tr\u00e1mites correspondientes, con intervenci\u00f3n de la Unidad Fiscal de Investigaci\u00f3n.<\/p>\n","protected":false},"excerpt":{"rendered":"<p>El informe policial indica que horas de la noche de ayer, personal policial dependientes de la Comisaria de Distrito 1ra de Esquina, tomaron conocimiento que por Ruta Nacional N\u00b0 12,&hellip; <\/p>\n","protected":false},"author":4,"featured_media":221551,"comment_status":"closed","ping_status":"open","sticky":false,"template":"","format":"standard","meta":{"footnotes":""},"categories":[33],"tags":[],"class_list":["post-221550","post","type-post","status-publish","format-standard","has-post-thumbnail","hentry","category-policiales"],"_links":{"self":[{"href":"https:\/\/corrientesdetarde.com\/index.php\/wp-json\/wp\/v2\/posts\/221550","targetHints":{"allow":["GET"]}}],"collection":[{"href":"https:\/\/corrientesdetarde.com\/index.php\/wp-json\/wp\/v2\/posts"}],"about":[{"href":"https:\/\/corrientesdetarde.com\/index.php\/wp-json\/wp\/v2\/types\/post"}],"author":[{"embeddable":true,"href":"https:\/\/corrientesdetarde.com\/index.php\/wp-json\/wp\/v2\/users\/4"}],"replies":[{"embeddable":true,"href":"https:\/\/corrientesdetarde.com\/index.php\/wp-json\/wp\/v2\/comments?post=221550"}],"version-history":[{"count":1,"href":"https:\/\/corrientesdetarde.com\/index.php\/wp-json\/wp\/v2\/posts\/221550\/revisions"}],"predecessor-version":[{"id":221552,"href":"https:\/\/corrientesdetarde.com\/index.php\/wp-json\/wp\/v2\/posts\/221550\/revisions\/221552"}],"wp:featuredmedia":[{"embeddable":true,"href":"https:\/\/corrientesdetarde.com\/index.php\/wp-json\/wp\/v2\/media\/221551"}],"wp:attachment":[{"href":"https:\/\/corrientesdetarde.com\/index.php\/wp-json\/wp\/v2\/media?parent=221550"}],"wp:term":[{"taxonomy":"category","embeddable":true,"href":"https:\/\/corrientesdetarde.com\/index.php\/wp-json\/wp\/v2\/categories?post=221550"},{"taxonomy":"post_tag","embeddable":true,"href":"https:\/\/corrientesdetarde.com\/index.php\/wp-json\/wp\/v2\/tags?post=221550"}],"curies":[{"name":"wp","href":"https:\/\/api.w.org\/{rel}","templated":true}]}}