{"id":221558,"date":"2025-08-10T20:25:06","date_gmt":"2025-08-10T23:25:06","guid":{"rendered":"https:\/\/corrientesdetarde.com\/?p=221558"},"modified":"2025-08-10T20:25:17","modified_gmt":"2025-08-10T23:25:17","slug":"corrientes-un-menor-de-edad-murio-en-un-accidente-entre-una-motocicleta-y-un-automovil","status":"publish","type":"post","link":"https:\/\/corrientesdetarde.com\/index.php\/policiales\/corrientes-un-menor-de-edad-murio-en-un-accidente-entre-una-motocicleta-y-un-automovil\/","title":{"rendered":"Corrientes: un menor de edad muri\u00f3 en un accidente entre una motocicleta y un autom\u00f3vil"},"content":{"rendered":"\n<p>Ocurri\u00f3 en la noche del s\u00e1bado en la jurisdicci\u00f3n de Esquina. El menor que dirig\u00eda el rodado menor, muri\u00f3 en el lugar por las graves heridas tras el impacto con el auto.<\/p>\n\n\n\n<p>La&nbsp;<strong>Polic\u00eda de Corrientes&nbsp;<\/strong>inform\u00f3 que el s\u00e1bado se produjo un&nbsp;<strong>fatal accidente<\/strong>&nbsp;entre un autom\u00f3vil y una motocicleta en la localidad de&nbsp;<strong>Esquina<\/strong>. Como resultado del hecho,&nbsp;<strong>un menor de edad muri\u00f3.<\/strong><\/p>\n\n\n\n<p>Por razones que se tratan de establecer, efectivos acudieron al kil\u00f3metro 700 de la&nbsp;<strong>Ruta Nacional N\u00b0 12<\/strong>, donde una motocicleta marca Honda y un autom\u00f3vil marca Peugeot, modelo Partner, colisionaron.<\/p>\n\n\n\n<p>El rodado de menor era dirigido por un<strong>&nbsp;menor de 13 a\u00f1os<\/strong>&nbsp;y llevaba como&nbsp;<strong>acompa\u00f1ante&nbsp;<\/strong>a una&nbsp;<strong>mujer de 36<\/strong>, el impacto contra un auto manejado por un hombre mayor de edad.<\/p>\n\n\n\n<p>El menor<strong>&nbsp;muri\u00f3 en el lugar&nbsp;<\/strong>debido a las&nbsp;<strong>graves heridas<\/strong>&nbsp;que sufri\u00f3 tras el impacto de los veh\u00edculos, en tanto que la mujer fue trasladada al hospital local donde fue examinada, confirm\u00e1ndose que sufri\u00f3 heridas de car\u00e1cter grave.<\/p>\n\n\n\n<p>En el lugar se realizaron las diligencias del caso, en tanto que la Comisar\u00eda Primera de Esquina continu\u00f3 con los tr\u00e1mites correspondientes, con intervenci\u00f3n de la Unidad Fiscal de Investigaci\u00f3n.<\/p>\n","protected":false},"excerpt":{"rendered":"<p>Ocurri\u00f3 en la noche del s\u00e1bado en la jurisdicci\u00f3n de Esquina. El menor que dirig\u00eda el rodado menor, muri\u00f3 en el lugar por las graves heridas tras el impacto con&hellip; <\/p>\n","protected":false},"author":4,"featured_media":221560,"comment_status":"closed","ping_status":"open","sticky":false,"template":"","format":"standard","meta":{"footnotes":""},"categories":[33],"tags":[],"class_list":["post-221558","post","type-post","status-publish","format-standard","has-post-thumbnail","hentry","category-policiales"],"_links":{"self":[{"href":"https:\/\/corrientesdetarde.com\/index.php\/wp-json\/wp\/v2\/posts\/221558","targetHints":{"allow":["GET"]}}],"collection":[{"href":"https:\/\/corrientesdetarde.com\/index.php\/wp-json\/wp\/v2\/posts"}],"about":[{"href":"https:\/\/corrientesdetarde.com\/index.php\/wp-json\/wp\/v2\/types\/post"}],"author":[{"embeddable":true,"href":"https:\/\/corrientesdetarde.com\/index.php\/wp-json\/wp\/v2\/users\/4"}],"replies":[{"embeddable":true,"href":"https:\/\/corrientesdetarde.com\/index.php\/wp-json\/wp\/v2\/comments?post=221558"}],"version-history":[{"count":1,"href":"https:\/\/corrientesdetarde.com\/index.php\/wp-json\/wp\/v2\/posts\/221558\/revisions"}],"predecessor-version":[{"id":221561,"href":"https:\/\/corrientesdetarde.com\/index.php\/wp-json\/wp\/v2\/posts\/221558\/revisions\/221561"}],"wp:featuredmedia":[{"embeddable":true,"href":"https:\/\/corrientesdetarde.com\/index.php\/wp-json\/wp\/v2\/media\/221560"}],"wp:attachment":[{"href":"https:\/\/corrientesdetarde.com\/index.php\/wp-json\/wp\/v2\/media?parent=221558"}],"wp:term":[{"taxonomy":"category","embeddable":true,"href":"https:\/\/corrientesdetarde.com\/index.php\/wp-json\/wp\/v2\/categories?post=221558"},{"taxonomy":"post_tag","embeddable":true,"href":"https:\/\/corrientesdetarde.com\/index.php\/wp-json\/wp\/v2\/tags?post=221558"}],"curies":[{"name":"wp","href":"https:\/\/api.w.org\/{rel}","templated":true}]}}