{"id":221562,"date":"2025-08-10T20:27:33","date_gmt":"2025-08-10T23:27:33","guid":{"rendered":"https:\/\/corrientesdetarde.com\/?p=221562"},"modified":"2025-08-10T20:27:44","modified_gmt":"2025-08-10T23:27:44","slug":"por-la-crisis-el-60-de-los-asegurados-cambio-la-poliza-por-una-mas-economica","status":"publish","type":"post","link":"https:\/\/corrientesdetarde.com\/index.php\/economia\/por-la-crisis-el-60-de-los-asegurados-cambio-la-poliza-por-una-mas-economica\/","title":{"rendered":"Por la crisis, el 60% de los asegurados cambi\u00f3 la p\u00f3liza por una m\u00e1s econ\u00f3mica"},"content":{"rendered":"\n<h2 class=\"wp-block-heading\">Daniel Salazar, de la ADEAA, explic\u00f3 que el costo del seguro no solo depende del valor del veh\u00edculo, sino tambi\u00e9n de otros factores que se encarecieron mucho.<\/h2>\n\n\n\n<p><strong>A pesar de la disminuci\u00f3n en el valor de los autom\u00f3viles en el mercado, el precio de las p\u00f3lizas de seguro no deja de aumentar<\/strong>, una situaci\u00f3n que gener\u00f3 incertidumbre en los conductores. As\u00ed lo asegur\u00f3 el director ejecutivo de la Asociaci\u00f3n de Aseguradores Argentinos (ADEAA),<strong>&nbsp;Daniel Salazar<\/strong>, quien<strong>&nbsp;explic\u00f3 que el costo del seguro no solo depende del valor del veh\u00edculo, sino tambi\u00e9n de otros factores que se encarecieron notablemente<\/strong>.<\/p>\n\n\n\n<p>Salazar mencion\u00f3 tres factores principales que impulsaron el aumento de las primas:<strong>\u00a0el incremento de los robos, que obligan a las aseguradoras a cubrir m\u00e1s siniestros; el aumento de la litigiosidad y el monto de las indemnizaciones en casos de responsabilidad civil; y la dificultad para conseguir repuestos<\/strong>, cuyos precios subieron m\u00e1s que los de los autos 0km. \u201cCon la prima, con el precio del seguro, lo que se hace es un fondo para pagar siniestros\u201d, detall\u00f3 Salazar en di\u00e1logo con\u00a0<strong>Radio Rivadavia<\/strong>.\u00a0<\/p>\n\n\n\n<p>Y agreg\u00f3: \u201c<strong>Si a m\u00ed me roban un auto de 1 mill\u00f3n de pesos, voy a pagar un mill\u00f3n de pesos como asegurador. Si roban un auto de 10 millones, pagar\u00e9 10 millones y as\u00ed sucesivamente<\/strong>. Ahora, en los casos de responsabilidad civil, cuanto m\u00e1s aumenta la litigiosidad y cuanto m\u00e1s aumentan las sentencias de los casos de responsabilidad civil, tengo que aumentar el seguro\u201d.<\/p>\n\n\n\n<p>En medio de esta situaci\u00f3n, el sector de seguros se enfrent\u00f3 a un panorama complejo. El director ejecutivo de la ADEAA&nbsp;<strong>confirm\u00f3 que dos compa\u00f1\u00edas importantes, Orbis y La Nueva, atraviesan por una situaci\u00f3n cr\u00edtica. Mientras la primera se encuentra en &#8220;etapa de autoliquidaci\u00f3n&#8221;, la segunda est\u00e1 &#8220;en la situaci\u00f3n de inhibici\u00f3n y prohibici\u00f3n de emitir p\u00f3lizas<\/strong>&#8220;. El especialista aclar\u00f3 que esta crisis particular est\u00e1 ligada a un mercado en retroceso, como el de los taxis y los remises, y no a una crisis generalizada en todo el sector.<\/p>\n\n\n\n<p>Por \u00faltimo, para hacer frente al aumento de las primas, entre el 50% y 60% de los asegurados opt\u00f3 por contratar coberturas m\u00e1s econ\u00f3micas para reducir costos. Al respecto, Salazar expres\u00f3 que&nbsp;<strong>es &#8220;notable la baja de la gente que ten\u00eda seguros m\u00e1s altos&#8221; y que ahora eligen p\u00f3lizas m\u00e1s limitadas<\/strong>.<\/p>\n","protected":false},"excerpt":{"rendered":"<p>Daniel Salazar, de la ADEAA, explic\u00f3 que el costo del seguro no solo depende del valor del veh\u00edculo, sino tambi\u00e9n de otros factores que se encarecieron mucho. A pesar de&hellip; <\/p>\n","protected":false},"author":4,"featured_media":221563,"comment_status":"closed","ping_status":"open","sticky":false,"template":"","format":"standard","meta":{"footnotes":""},"categories":[20],"tags":[],"class_list":["post-221562","post","type-post","status-publish","format-standard","has-post-thumbnail","hentry","category-economia"],"_links":{"self":[{"href":"https:\/\/corrientesdetarde.com\/index.php\/wp-json\/wp\/v2\/posts\/221562","targetHints":{"allow":["GET"]}}],"collection":[{"href":"https:\/\/corrientesdetarde.com\/index.php\/wp-json\/wp\/v2\/posts"}],"about":[{"href":"https:\/\/corrientesdetarde.com\/index.php\/wp-json\/wp\/v2\/types\/post"}],"author":[{"embeddable":true,"href":"https:\/\/corrientesdetarde.com\/index.php\/wp-json\/wp\/v2\/users\/4"}],"replies":[{"embeddable":true,"href":"https:\/\/corrientesdetarde.com\/index.php\/wp-json\/wp\/v2\/comments?post=221562"}],"version-history":[{"count":1,"href":"https:\/\/corrientesdetarde.com\/index.php\/wp-json\/wp\/v2\/posts\/221562\/revisions"}],"predecessor-version":[{"id":221564,"href":"https:\/\/corrientesdetarde.com\/index.php\/wp-json\/wp\/v2\/posts\/221562\/revisions\/221564"}],"wp:featuredmedia":[{"embeddable":true,"href":"https:\/\/corrientesdetarde.com\/index.php\/wp-json\/wp\/v2\/media\/221563"}],"wp:attachment":[{"href":"https:\/\/corrientesdetarde.com\/index.php\/wp-json\/wp\/v2\/media?parent=221562"}],"wp:term":[{"taxonomy":"category","embeddable":true,"href":"https:\/\/corrientesdetarde.com\/index.php\/wp-json\/wp\/v2\/categories?post=221562"},{"taxonomy":"post_tag","embeddable":true,"href":"https:\/\/corrientesdetarde.com\/index.php\/wp-json\/wp\/v2\/tags?post=221562"}],"curies":[{"name":"wp","href":"https:\/\/api.w.org\/{rel}","templated":true}]}}