{"id":221583,"date":"2025-08-10T20:37:07","date_gmt":"2025-08-10T23:37:07","guid":{"rendered":"https:\/\/corrientesdetarde.com\/?p=221583"},"modified":"2025-08-10T20:37:10","modified_gmt":"2025-08-10T23:37:10","slug":"mascherano-confirmo-que-messi-no-estara-presente-en-el-clasico-ante-orlando-city","status":"publish","type":"post","link":"https:\/\/corrientesdetarde.com\/index.php\/deportes\/mascherano-confirmo-que-messi-no-estara-presente-en-el-clasico-ante-orlando-city\/","title":{"rendered":"Mascherano confirm\u00f3 que Messi no estar\u00e1 presente en el cl\u00e1sico ante Orlando City"},"content":{"rendered":"\n<h2 class=\"wp-block-heading\">El entrenador del Inter Miami inform\u00f3 que el astro argentino no jugar\u00e1 este domingo.<\/h2>\n\n\n\n<p>El entrenador argentino del Inter Miami de Estados Unidos,&nbsp;<strong>Javier Mascherano, confirm\u00f3 que el astro y capit\u00e1n Lionel Messi no estar\u00e1 disponible<\/strong>&nbsp;para el cl\u00e1sico de este domingo&nbsp;<strong>ante Orlando City.<\/strong><\/p>\n\n\n\n<p>Este domingo en el Inter&amp;Co stadium,<strong>&nbsp;el Inter Miami visitar\u00e1 al Orlando City en el cl\u00e1sico del Estado de Florida de la fecha 27 de la Conferencia Este de la Major League Soccer&nbsp;<\/strong>de Estados Unidos. Un partido trascendental para que los del entrenador argentino Mascherano recorten distancias con el l\u00edder Philadelphia Union.<\/p>\n\n\n\n<p>En la antesala de este encuentro, el director t\u00e9cnico confirm\u00f3 que el astro argentino Lionel Messi no estar\u00e1 disponible:&nbsp;<strong>\u201cNo est\u00e1 disponible para ma\u00f1ana. Leo est\u00e1 bien. Obviamente ser\u00eda una locura tomar alg\u00fan riesgo de llevarlo ma\u00f1ana a Orlando por todo lo que se nos viene, pero somos muy optimistas de que pronto va a volver con nosotros\u201d.<\/strong><\/p>\n\n\n\n<p>El pasado s\u00e1bado ante Necaxa de M\u00e9xico, el campe\u00f3n del mundo con la Selecci\u00f3n argentina&nbsp;<strong>tuvo que ser sustituido por una molestia muscular a los 11 minutos de partido.&nbsp;<\/strong>Horas despu\u00e9s, el club inform\u00f3 que se trataba de<strong>&nbsp;\u201cuna lesi\u00f3n muscular menor\u201d&nbsp;<\/strong>en la pierna derecha.<\/p>\n","protected":false},"excerpt":{"rendered":"<p>El entrenador del Inter Miami inform\u00f3 que el astro argentino no jugar\u00e1 este domingo. El entrenador argentino del Inter Miami de Estados Unidos,&nbsp;Javier Mascherano, confirm\u00f3 que el astro y capit\u00e1n&hellip; <\/p>\n","protected":false},"author":4,"featured_media":221584,"comment_status":"closed","ping_status":"open","sticky":false,"template":"","format":"standard","meta":{"footnotes":""},"categories":[4],"tags":[],"class_list":["post-221583","post","type-post","status-publish","format-standard","has-post-thumbnail","hentry","category-deportes"],"_links":{"self":[{"href":"https:\/\/corrientesdetarde.com\/index.php\/wp-json\/wp\/v2\/posts\/221583","targetHints":{"allow":["GET"]}}],"collection":[{"href":"https:\/\/corrientesdetarde.com\/index.php\/wp-json\/wp\/v2\/posts"}],"about":[{"href":"https:\/\/corrientesdetarde.com\/index.php\/wp-json\/wp\/v2\/types\/post"}],"author":[{"embeddable":true,"href":"https:\/\/corrientesdetarde.com\/index.php\/wp-json\/wp\/v2\/users\/4"}],"replies":[{"embeddable":true,"href":"https:\/\/corrientesdetarde.com\/index.php\/wp-json\/wp\/v2\/comments?post=221583"}],"version-history":[{"count":1,"href":"https:\/\/corrientesdetarde.com\/index.php\/wp-json\/wp\/v2\/posts\/221583\/revisions"}],"predecessor-version":[{"id":221585,"href":"https:\/\/corrientesdetarde.com\/index.php\/wp-json\/wp\/v2\/posts\/221583\/revisions\/221585"}],"wp:featuredmedia":[{"embeddable":true,"href":"https:\/\/corrientesdetarde.com\/index.php\/wp-json\/wp\/v2\/media\/221584"}],"wp:attachment":[{"href":"https:\/\/corrientesdetarde.com\/index.php\/wp-json\/wp\/v2\/media?parent=221583"}],"wp:term":[{"taxonomy":"category","embeddable":true,"href":"https:\/\/corrientesdetarde.com\/index.php\/wp-json\/wp\/v2\/categories?post=221583"},{"taxonomy":"post_tag","embeddable":true,"href":"https:\/\/corrientesdetarde.com\/index.php\/wp-json\/wp\/v2\/tags?post=221583"}],"curies":[{"name":"wp","href":"https:\/\/api.w.org\/{rel}","templated":true}]}}