{"id":221586,"date":"2025-08-10T20:38:47","date_gmt":"2025-08-10T23:38:47","guid":{"rendered":"https:\/\/corrientesdetarde.com\/?p=221586"},"modified":"2025-08-10T20:38:52","modified_gmt":"2025-08-10T23:38:52","slug":"la-mona-jimenez-confirmo-su-vuelta-a-los-escenarios-y-la-semana-que-viene-estara-en-tv","status":"publish","type":"post","link":"https:\/\/corrientesdetarde.com\/index.php\/espectaculos\/la-mona-jimenez-confirmo-su-vuelta-a-los-escenarios-y-la-semana-que-viene-estara-en-tv\/","title":{"rendered":"&#8220;La Mona&#8221; Jim\u00e9nez confirm\u00f3 su vuelta a los escenarios y la semana que viene estar\u00e1 en TV"},"content":{"rendered":"\n<h2 class=\"wp-block-heading\">El m\u00edtico cantante se presentar\u00e1 en la provincia de Buenos Aires.<\/h2>\n\n\n\n<p>La Mona Gim\u00e9nez anunci\u00f3 que cantar\u00e1 en el Estadio \u00danico de La Plata a fin de a\u00f1o y la pr\u00f3xima semana estar\u00e1 en Otro D\u00eda Perdido, el Late Nite Show de Mario Pergolini por El Trece.<\/p>\n\n\n\n<p>As\u00ed se confirma la vuelta a los escenarios del legendario cuartetero cordob\u00e9s, lo cual se hab\u00eda puesto en duda por los problemas de salud y judiciales que viene atravesando \u201cLa Mona\u201d en los \u00faltimos meses.<\/p>\n\n\n\n<p>Carlos \u201cLa Mona\u201d Jim\u00e9nez, a sus 74 a\u00f1os de edad, redujo al m\u00ednimo su aparici\u00f3n p\u00fablica los \u00faltimos dos a\u00f1os, forzado por los esc\u00e1ndalos, reclamos de paternidad, denuncias y problemas de salud.<\/p>\n","protected":false},"excerpt":{"rendered":"<p>El m\u00edtico cantante se presentar\u00e1 en la provincia de Buenos Aires. La Mona Gim\u00e9nez anunci\u00f3 que cantar\u00e1 en el Estadio \u00danico de La Plata a fin de a\u00f1o y la&hellip; <\/p>\n","protected":false},"author":4,"featured_media":221587,"comment_status":"closed","ping_status":"open","sticky":false,"template":"","format":"standard","meta":{"footnotes":""},"categories":[19],"tags":[],"class_list":["post-221586","post","type-post","status-publish","format-standard","has-post-thumbnail","hentry","category-espectaculos"],"_links":{"self":[{"href":"https:\/\/corrientesdetarde.com\/index.php\/wp-json\/wp\/v2\/posts\/221586","targetHints":{"allow":["GET"]}}],"collection":[{"href":"https:\/\/corrientesdetarde.com\/index.php\/wp-json\/wp\/v2\/posts"}],"about":[{"href":"https:\/\/corrientesdetarde.com\/index.php\/wp-json\/wp\/v2\/types\/post"}],"author":[{"embeddable":true,"href":"https:\/\/corrientesdetarde.com\/index.php\/wp-json\/wp\/v2\/users\/4"}],"replies":[{"embeddable":true,"href":"https:\/\/corrientesdetarde.com\/index.php\/wp-json\/wp\/v2\/comments?post=221586"}],"version-history":[{"count":1,"href":"https:\/\/corrientesdetarde.com\/index.php\/wp-json\/wp\/v2\/posts\/221586\/revisions"}],"predecessor-version":[{"id":221588,"href":"https:\/\/corrientesdetarde.com\/index.php\/wp-json\/wp\/v2\/posts\/221586\/revisions\/221588"}],"wp:featuredmedia":[{"embeddable":true,"href":"https:\/\/corrientesdetarde.com\/index.php\/wp-json\/wp\/v2\/media\/221587"}],"wp:attachment":[{"href":"https:\/\/corrientesdetarde.com\/index.php\/wp-json\/wp\/v2\/media?parent=221586"}],"wp:term":[{"taxonomy":"category","embeddable":true,"href":"https:\/\/corrientesdetarde.com\/index.php\/wp-json\/wp\/v2\/categories?post=221586"},{"taxonomy":"post_tag","embeddable":true,"href":"https:\/\/corrientesdetarde.com\/index.php\/wp-json\/wp\/v2\/tags?post=221586"}],"curies":[{"name":"wp","href":"https:\/\/api.w.org\/{rel}","templated":true}]}}