{"id":221589,"date":"2025-08-10T20:40:31","date_gmt":"2025-08-10T23:40:31","guid":{"rendered":"https:\/\/corrientesdetarde.com\/?p=221589"},"modified":"2025-08-10T20:40:42","modified_gmt":"2025-08-10T23:40:42","slug":"dua-lipa-deslumbro-con-un-look-inspirado-en-los-anos-2000","status":"publish","type":"post","link":"https:\/\/corrientesdetarde.com\/index.php\/espectaculos\/dua-lipa-deslumbro-con-un-look-inspirado-en-los-anos-2000\/","title":{"rendered":"Dua Lipa deslumbr\u00f3 con un look inspirado en los a\u00f1os 2000"},"content":{"rendered":"\n<h2 class=\"wp-block-heading\">La cantante brit\u00e1nico-albanesa marc\u00f3 tendencia en la segunda noche de un festival celebrado en Kosovo, su ciudad natal.<\/h2>\n\n\n\n<p>En la segunda jornada del Festival Sunny Hill 2025, celebrado en su tierra natal de Kosovo,<strong>&nbsp;Dua Lipa fue el centro de todas las miradas al aparecer con un atuendo que evoc\u00f3 la moda de principios de los a\u00f1os 2000<\/strong>.&nbsp;<\/p>\n\n\n\n<p>Lejos del minimalismo, la artista brit\u00e1nica-albanesa<strong>&nbsp;eligi\u00f3 un vestido que evoca a una \u201csegunda piel\u201d de la firma Rabanne,<\/strong>&nbsp;con una silueta escultural y detalles met\u00e1licos que marcaron tendencia en la noche.<\/p>\n\n\n\n<figure class=\"wp-block-image size-full\"><img loading=\"lazy\" decoding=\"async\" width=\"625\" height=\"379\" src=\"https:\/\/corrientesdetarde.com\/wp-content\/uploads\/2025\/08\/image-350.png\" alt=\"\" class=\"wp-image-221590\" srcset=\"https:\/\/corrientesdetarde.com\/wp-content\/uploads\/2025\/08\/image-350.png 625w, https:\/\/corrientesdetarde.com\/wp-content\/uploads\/2025\/08\/image-350-300x182.png 300w\" sizes=\"auto, (max-width: 625px) 100vw, 625px\" \/><\/figure>\n\n\n\n<p>El dise\u00f1o, con cortes florales en el frente,&nbsp;<strong>un escote acentuado con aros met\u00e1licos y una piedra central decorativa, remite directamente a la est\u00e9tica dosmilera que vuelve a ganar fuerza en la industria de la moda<\/strong>.<\/p>\n\n\n\n<p>&nbsp;La cantante complet\u00f3 su estilismo con un cintur\u00f3n de aro grueso de&nbsp;<strong>Kate Cate<\/strong>, gafas de sol cuadradas de&nbsp;<strong>Saint Laurent, un bolso de Chanel y joyas de Tiffany &amp; Co.<\/strong><\/p>\n\n\n\n<p><strong>Dua Lipa se encuentra disfrutando de un descanso tras un a\u00f1o intenso,&nbsp;<\/strong>y el Festival Sunny Hill no solo fue una celebraci\u00f3n musical, sino tambi\u00e9n una pasarela en la que la artista reafirm\u00f3 su estatus como \u00edcono de estilo.&nbsp;<strong>Se espera que retome su gira latinoamericana en las pr\u00f3ximas semanas.<\/strong><\/p>\n","protected":false},"excerpt":{"rendered":"<p>La cantante brit\u00e1nico-albanesa marc\u00f3 tendencia en la segunda noche de un festival celebrado en Kosovo, su ciudad natal. En la segunda jornada del Festival Sunny Hill 2025, celebrado en su&hellip; <\/p>\n","protected":false},"author":4,"featured_media":221591,"comment_status":"closed","ping_status":"open","sticky":false,"template":"","format":"standard","meta":{"footnotes":""},"categories":[19],"tags":[],"class_list":["post-221589","post","type-post","status-publish","format-standard","has-post-thumbnail","hentry","category-espectaculos"],"_links":{"self":[{"href":"https:\/\/corrientesdetarde.com\/index.php\/wp-json\/wp\/v2\/posts\/221589","targetHints":{"allow":["GET"]}}],"collection":[{"href":"https:\/\/corrientesdetarde.com\/index.php\/wp-json\/wp\/v2\/posts"}],"about":[{"href":"https:\/\/corrientesdetarde.com\/index.php\/wp-json\/wp\/v2\/types\/post"}],"author":[{"embeddable":true,"href":"https:\/\/corrientesdetarde.com\/index.php\/wp-json\/wp\/v2\/users\/4"}],"replies":[{"embeddable":true,"href":"https:\/\/corrientesdetarde.com\/index.php\/wp-json\/wp\/v2\/comments?post=221589"}],"version-history":[{"count":1,"href":"https:\/\/corrientesdetarde.com\/index.php\/wp-json\/wp\/v2\/posts\/221589\/revisions"}],"predecessor-version":[{"id":221592,"href":"https:\/\/corrientesdetarde.com\/index.php\/wp-json\/wp\/v2\/posts\/221589\/revisions\/221592"}],"wp:featuredmedia":[{"embeddable":true,"href":"https:\/\/corrientesdetarde.com\/index.php\/wp-json\/wp\/v2\/media\/221591"}],"wp:attachment":[{"href":"https:\/\/corrientesdetarde.com\/index.php\/wp-json\/wp\/v2\/media?parent=221589"}],"wp:term":[{"taxonomy":"category","embeddable":true,"href":"https:\/\/corrientesdetarde.com\/index.php\/wp-json\/wp\/v2\/categories?post=221589"},{"taxonomy":"post_tag","embeddable":true,"href":"https:\/\/corrientesdetarde.com\/index.php\/wp-json\/wp\/v2\/tags?post=221589"}],"curies":[{"name":"wp","href":"https:\/\/api.w.org\/{rel}","templated":true}]}}