{"id":221596,"date":"2025-08-10T20:43:36","date_gmt":"2025-08-10T23:43:36","guid":{"rendered":"https:\/\/corrientesdetarde.com\/?p=221596"},"modified":"2025-08-10T20:43:47","modified_gmt":"2025-08-10T23:43:47","slug":"wanda-nara-y-nora-colosimo-senales-de-reconciliacion-tras-meses-de-distanciamiento","status":"publish","type":"post","link":"https:\/\/corrientesdetarde.com\/index.php\/espectaculos\/wanda-nara-y-nora-colosimo-senales-de-reconciliacion-tras-meses-de-distanciamiento\/","title":{"rendered":"Wanda Nara y Nora Colosimo: se\u00f1ales de reconciliaci\u00f3n tras meses de distanciamiento"},"content":{"rendered":"\n<h2 class=\"wp-block-heading\">Un comentario en redes sociales por parte de Wanda reaviv\u00f3 las versiones de acercamiento con su madre.<\/h2>\n\n\n\n<p><strong>Wanda Nara<\/strong>&nbsp;volvi\u00f3 a quedar en el centro de la escena p\u00fablica&nbsp;<strong>tras realizar un comentario en redes sociales que despert\u00f3 especulaciones sobre una posible reconciliaci\u00f3n con su madre, Nora Colosimo,<\/strong>&nbsp;con quien manten\u00eda una relaci\u00f3n distante desde hace varios meses.<\/p>\n\n\n\n<p><strong>La tensi\u00f3n entre ambas habr\u00eda comenzado tras la medi\u00e1tica separaci\u00f3n de Nara con Mauro Icardi,<\/strong>&nbsp;situaci\u00f3n que, seg\u00fan trascendidos, no habr\u00eda sido bien recibida por Colosimo, especialmente por la forma en que fue expuesta p\u00fablicamente.<\/p>\n\n\n\n<p>Durante ese tiempo,&nbsp;<strong>el silencio de Nora y su alejamiento de los medios reforzaron las versiones de un conflicto familiar.<\/strong>&nbsp;En paralelo, fue&nbsp;<strong>Andr\u00e9s Nara<\/strong>, padre de la empresaria, quien asumi\u00f3 el cuidado de las hijas de Wanda durante sus prolongadas ausencias por compromisos laborales en el exterior.<\/p>\n\n\n\n<p>Sin embargo, recientes gestos en redes sociales dan cuenta de un posible acercamiento. En una fotograf\u00eda publicada por Colosimo desde Italia, en la que Wanda coment\u00f3 :&nbsp;<em><strong>&#8220;Volveeeeeee&#8221;<\/strong><\/em>, acompa\u00f1ado de un emoji de coraz\u00f3n, lo que&nbsp;<strong>fue interpretado por muchos como una se\u00f1al de reconciliaci\u00f3n<\/strong>.<\/p>\n\n\n\n<figure class=\"wp-block-image size-full\"><img loading=\"lazy\" decoding=\"async\" width=\"623\" height=\"131\" src=\"https:\/\/corrientesdetarde.com\/wp-content\/uploads\/2025\/08\/image-351.png\" alt=\"\" class=\"wp-image-221597\" srcset=\"https:\/\/corrientesdetarde.com\/wp-content\/uploads\/2025\/08\/image-351.png 623w, https:\/\/corrientesdetarde.com\/wp-content\/uploads\/2025\/08\/image-351-300x63.png 300w\" sizes=\"auto, (max-width: 623px) 100vw, 623px\" \/><\/figure>\n\n\n\n<p>En este complejo entramado familiar tambi\u00e9n intervino&nbsp;<strong>Icardi<\/strong>,<strong>&nbsp;quien meses atr\u00e1s present\u00f3 una denuncia contra su ex pareja,<\/strong>&nbsp;en la que argumentaba que ni Wanda ni su madre se encontraban en Argentina para cuidar de sus hijas, Francesca e Isabella.&nbsp;<\/p>\n\n\n\n<p><strong>El comentario de Wanda parece indicar un cambio en el v\u00ednculo con su madre,&nbsp;<\/strong>aunque por ahora no hay confirmaciones oficiales sobre una reconciliaci\u00f3n definitiva.<\/p>\n","protected":false},"excerpt":{"rendered":"<p>Un comentario en redes sociales por parte de Wanda reaviv\u00f3 las versiones de acercamiento con su madre. Wanda Nara&nbsp;volvi\u00f3 a quedar en el centro de la escena p\u00fablica&nbsp;tras realizar un&hellip; <\/p>\n","protected":false},"author":4,"featured_media":221598,"comment_status":"closed","ping_status":"open","sticky":false,"template":"","format":"standard","meta":{"footnotes":""},"categories":[19],"tags":[],"class_list":["post-221596","post","type-post","status-publish","format-standard","has-post-thumbnail","hentry","category-espectaculos"],"_links":{"self":[{"href":"https:\/\/corrientesdetarde.com\/index.php\/wp-json\/wp\/v2\/posts\/221596","targetHints":{"allow":["GET"]}}],"collection":[{"href":"https:\/\/corrientesdetarde.com\/index.php\/wp-json\/wp\/v2\/posts"}],"about":[{"href":"https:\/\/corrientesdetarde.com\/index.php\/wp-json\/wp\/v2\/types\/post"}],"author":[{"embeddable":true,"href":"https:\/\/corrientesdetarde.com\/index.php\/wp-json\/wp\/v2\/users\/4"}],"replies":[{"embeddable":true,"href":"https:\/\/corrientesdetarde.com\/index.php\/wp-json\/wp\/v2\/comments?post=221596"}],"version-history":[{"count":1,"href":"https:\/\/corrientesdetarde.com\/index.php\/wp-json\/wp\/v2\/posts\/221596\/revisions"}],"predecessor-version":[{"id":221599,"href":"https:\/\/corrientesdetarde.com\/index.php\/wp-json\/wp\/v2\/posts\/221596\/revisions\/221599"}],"wp:featuredmedia":[{"embeddable":true,"href":"https:\/\/corrientesdetarde.com\/index.php\/wp-json\/wp\/v2\/media\/221598"}],"wp:attachment":[{"href":"https:\/\/corrientesdetarde.com\/index.php\/wp-json\/wp\/v2\/media?parent=221596"}],"wp:term":[{"taxonomy":"category","embeddable":true,"href":"https:\/\/corrientesdetarde.com\/index.php\/wp-json\/wp\/v2\/categories?post=221596"},{"taxonomy":"post_tag","embeddable":true,"href":"https:\/\/corrientesdetarde.com\/index.php\/wp-json\/wp\/v2\/tags?post=221596"}],"curies":[{"name":"wp","href":"https:\/\/api.w.org\/{rel}","templated":true}]}}