{"id":221600,"date":"2025-08-10T20:45:07","date_gmt":"2025-08-10T23:45:07","guid":{"rendered":"https:\/\/corrientesdetarde.com\/?p=221600"},"modified":"2025-08-10T20:45:15","modified_gmt":"2025-08-10T23:45:15","slug":"el-boca-de-riquelme-entre-los-peores-de-la-historia-que-pasaba-la-ultima-vez-que-gano","status":"publish","type":"post","link":"https:\/\/corrientesdetarde.com\/index.php\/deportes\/el-boca-de-riquelme-entre-los-peores-de-la-historia-que-pasaba-la-ultima-vez-que-gano\/","title":{"rendered":"El Boca de Riquelme entre los peores de la historia: qu\u00e9 pasaba la \u00faltima vez que gan\u00f3"},"content":{"rendered":"\n<h2 class=\"wp-block-heading\">El &#8220;Xeneize&#8221; atraviesa una fuerte crisis futbol\u00edstica e institucional, y transita la peor racha de partidos sin victorias.<\/h2>\n\n\n\n<p>De la mano de&nbsp;<strong>Juan Rom\u00e1n Riquelme<\/strong>,&nbsp;<strong>Boca<\/strong>&nbsp;atraviesa la peor racha sin victorias de su historia, acumulando cuatro meses y 12 partidos sin conseguir un triunfo.&nbsp;<\/p>\n\n\n\n<p>La \u00faltima vez que el &#8220;Xeneize&#8221; sabore\u00f3&nbsp;<strong>una victoria fue el 19 de abril<\/strong>, un hito que marca el inicio de esta preocupante sequ\u00eda que mantiene en vilo a sus hinchas.<\/p>\n\n\n\n<p>Desde aquel 19 de abril,&nbsp;<mark>el panorama en el mundo y el pa\u00eds ha cambiado significativamente, mientras la incertidumbre se apodera del club de la Ribera<\/mark>.&nbsp;<\/p>\n\n\n\n<p>En aquel entonces,<strong>&nbsp;el Papa Francisco segu\u00eda siendo el l\u00edder del Vaticano<\/strong>&nbsp;y el expresidente uruguayo&nbsp;<strong>Jos\u00e9 &#8220;Pepe&#8221; Mujica a\u00fan viv\u00eda<\/strong>, figuras que marcaban la agenda global y regional.<\/p>\n\n\n\n<p>La \u00faltima vez que Boca gan\u00f3 un partido oficial, el escenario local tambi\u00e9n era distinto. El&nbsp;<strong>d\u00f3lar<\/strong>&nbsp;cotizaba a&nbsp;<strong>$1.100<\/strong>, muy por debajo de su valor actual. Adem\u00e1s, en el \u00e1mbito cultural, la serie&nbsp;<strong>&#8220;El Eternauta&#8221;<\/strong>, protagonizada por Ricardo Dar\u00edn y que se convertir\u00eda en un furor en Netflix, a\u00fan no hab\u00eda estrenado.<\/p>\n\n\n\n<p>En el mundo del deporte, espec\u00edficamente en el automovilismo,&nbsp;<strong>Franco Colapinto<\/strong>&nbsp;todav\u00eda era piloto de reserva y no hab\u00eda debutado oficialmente con Alpine. En el f\u00fatbol local,&nbsp;<strong>Platense<\/strong>&nbsp;a\u00fan no hab\u00eda conquistado su primer t\u00edtulo en Primera Divisi\u00f3n, y a nivel internacional, el&nbsp;<strong>PSG<\/strong>&nbsp;segu\u00eda sin sumar estrellas de Champions League a su palmar\u00e9s.&nbsp;<\/p>\n\n\n\n<p>Estas comparaciones no solo subrayan la extensi\u00f3n de la racha negativa de Boca, sino que tambi\u00e9n contextualizan el tiempo transcurrido desde aquel \u00faltimo festejo.<\/p>\n","protected":false},"excerpt":{"rendered":"<p>El &#8220;Xeneize&#8221; atraviesa una fuerte crisis futbol\u00edstica e institucional, y transita la peor racha de partidos sin victorias. De la mano de&nbsp;Juan Rom\u00e1n Riquelme,&nbsp;Boca&nbsp;atraviesa la peor racha sin victorias de&hellip; <\/p>\n","protected":false},"author":4,"featured_media":221601,"comment_status":"closed","ping_status":"open","sticky":false,"template":"","format":"standard","meta":{"footnotes":""},"categories":[4],"tags":[],"class_list":["post-221600","post","type-post","status-publish","format-standard","has-post-thumbnail","hentry","category-deportes"],"_links":{"self":[{"href":"https:\/\/corrientesdetarde.com\/index.php\/wp-json\/wp\/v2\/posts\/221600","targetHints":{"allow":["GET"]}}],"collection":[{"href":"https:\/\/corrientesdetarde.com\/index.php\/wp-json\/wp\/v2\/posts"}],"about":[{"href":"https:\/\/corrientesdetarde.com\/index.php\/wp-json\/wp\/v2\/types\/post"}],"author":[{"embeddable":true,"href":"https:\/\/corrientesdetarde.com\/index.php\/wp-json\/wp\/v2\/users\/4"}],"replies":[{"embeddable":true,"href":"https:\/\/corrientesdetarde.com\/index.php\/wp-json\/wp\/v2\/comments?post=221600"}],"version-history":[{"count":1,"href":"https:\/\/corrientesdetarde.com\/index.php\/wp-json\/wp\/v2\/posts\/221600\/revisions"}],"predecessor-version":[{"id":221602,"href":"https:\/\/corrientesdetarde.com\/index.php\/wp-json\/wp\/v2\/posts\/221600\/revisions\/221602"}],"wp:featuredmedia":[{"embeddable":true,"href":"https:\/\/corrientesdetarde.com\/index.php\/wp-json\/wp\/v2\/media\/221601"}],"wp:attachment":[{"href":"https:\/\/corrientesdetarde.com\/index.php\/wp-json\/wp\/v2\/media?parent=221600"}],"wp:term":[{"taxonomy":"category","embeddable":true,"href":"https:\/\/corrientesdetarde.com\/index.php\/wp-json\/wp\/v2\/categories?post=221600"},{"taxonomy":"post_tag","embeddable":true,"href":"https:\/\/corrientesdetarde.com\/index.php\/wp-json\/wp\/v2\/tags?post=221600"}],"curies":[{"name":"wp","href":"https:\/\/api.w.org\/{rel}","templated":true}]}}