{"id":221603,"date":"2025-08-10T20:46:40","date_gmt":"2025-08-10T23:46:40","guid":{"rendered":"https:\/\/corrientesdetarde.com\/?p=221603"},"modified":"2025-08-10T20:46:51","modified_gmt":"2025-08-10T23:46:51","slug":"tc-vazquez-consiguio-un-triunfazo-en-el-desafio-de-las-estrellas-en-san-juan","status":"publish","type":"post","link":"https:\/\/corrientesdetarde.com\/index.php\/deportes\/tc-vazquez-consiguio-un-triunfazo-en-el-desafio-de-las-estrellas-en-san-juan\/","title":{"rendered":"TC: V\u00e1zquez consigui\u00f3 un triunfazo en el Desaf\u00edo de las Estrellas en San Juan"},"content":{"rendered":"\n<h2 class=\"wp-block-heading\">A bordo del Dodge Challenger, Mart\u00edn V\u00e1zquez consigui\u00f3 su primera victoria dentro de la categor\u00eda en la novena jornada de la campa\u00f1a 2025.<\/h2>\n\n\n\n<p>El piloto&nbsp;<strong>Mart\u00edn V\u00e1zquez<\/strong>, a bordo del&nbsp;<strong>Dodge Challenger<\/strong>, consigui\u00f3 un apretado triunfo en el&nbsp;<strong>Desaf\u00edo de las Estrellas<\/strong>, llevado a cabo en el circuido de&nbsp;<strong>Villicum<\/strong>, en&nbsp;<strong>San Juan<\/strong>, en el marco de la novena fecha del&nbsp;<strong>Turismo Carretera 2025<\/strong>.<\/p>\n\n\n\n<p>Por su parte,&nbsp;<strong>Facundo Chapur<\/strong>&nbsp;(<strong>Torino<\/strong>) y&nbsp;<strong>Juan Jos\u00e9 Ebarl\u00edn<\/strong>&nbsp;(<strong>Chevrolet Camaro<\/strong>) completaron el podio.<\/p>\n\n\n\n<p>En el comienzo de la carrera, fue&nbsp;<strong>Gast\u00f3n Mazzacane<\/strong>&nbsp;(<strong>Chevrolet Camaro<\/strong>) quien se hizo con el liderato de la misma, seguido por&nbsp;<strong>Augusto Carinelli<\/strong>, al mando de un&nbsp;<strong>Ford Mustang<\/strong>, y el propio V\u00e1zquez.<\/p>\n\n\n\n<p>No obstante,&nbsp;<strong>Norberto Fontana<\/strong>&nbsp;(<strong>Chevrolet Camaro<\/strong>) hab\u00eda logrado convertirse en el puntero, justo antes de la apertura en boxes, gracias a la lucha entre&nbsp;<strong>Marcos Quijada<\/strong>&nbsp;(<strong>Chevrolet Camaro<\/strong>) y Mazzacane.<\/p>\n\n\n\n<p>En el giro 10 fueron a la primera detenci\u00f3n Fontana, Carinelli, Aguirre, Ebarl\u00edn,&nbsp;<strong>Christian Ledesma<\/strong>,&nbsp;<strong>Juan Mart\u00edn Trucco<\/strong>&nbsp;y&nbsp;<strong>Facundo Ardusso<\/strong>, entre otros. En la vuelta siguiente fueron V\u00e1zquez,&nbsp;<strong>Diego Azar<\/strong>,&nbsp;<strong>Juli\u00e1n Santero<\/strong>,&nbsp;<strong>Mariano Werner<\/strong>,&nbsp;<strong>Marcelo Agrelo<\/strong>,&nbsp;<strong>Mat\u00edas Canapino<\/strong>&nbsp;y&nbsp;<strong>Josito Di Palma<\/strong>&nbsp;se meti\u00f3 en su garage. De esta manera,&nbsp;<strong>Alfonso Domenech<\/strong>&nbsp;pas\u00f3 a liderar la carrera, seguido por&nbsp;<strong>Gast\u00f3n Ferrante<\/strong>&nbsp;y&nbsp;<strong>Lautaro De la Iglesia<\/strong>.<\/p>\n\n\n\n<p>Luego,&nbsp;<strong>Serrano<\/strong>&nbsp;y&nbsp;<strong>De la Iglesia<\/strong>&nbsp;cumplieron con la primera parada junto a&nbsp;<strong>Andr\u00e9s Jakos<\/strong>,&nbsp;<strong>Marcos Landa<\/strong>,&nbsp;<strong>Jerem\u00edas Olmedo<\/strong>,&nbsp;<strong>Nicol\u00e1s Impiombato<\/strong>&nbsp;y&nbsp;<strong>Santiago Mangoni<\/strong>, por lo que Fontana era el l\u00edder virtual de la carrera.<\/p>\n\n\n\n<p>Sin embargo, un toque entre&nbsp;<strong>Diego De Carlo<\/strong>&nbsp;y&nbsp;<strong>Jer\u00f3nimo Teti<\/strong>&nbsp;provoc\u00f3 la neutralizaci\u00f3n de la carrera y alter\u00f3 las cosas en el Desaf\u00edo de las Estrellas. En el relanzamiento,&nbsp;<strong>Canapino<\/strong>&nbsp;le gan\u00f3 el duelo a Domenech y se coloc\u00f3 en la primera posici\u00f3n de la carrera.<\/p>\n\n\n\n<p>M\u00e1s adelante,&nbsp;<strong>Spataro<\/strong>&nbsp;se hab\u00eda convertido en el l\u00edder virtual de la carrera despu\u00e9s de cumplir con los dos requisitos obligatorios, ubicado en el tercer puesto, tras la parada de varios autom\u00f3viles para recargar combustible.<\/p>\n\n\n\n<p>Con menos de 15 vueltas para la finalizaci\u00f3n del evento, Spataro manten\u00eda una ventaja de 40 segundos respecto a V\u00e1zquez, Ebarl\u00edn y&nbsp;<strong>Trosset<\/strong>, quienes buscaban desesperadamente acercarse a la punta y luchar por un lugar en el podio.<\/p>\n\n\n\n<p>A cinco giros del cierre, Spataro perdi\u00f3 terreno y la lucha por la victoria qued\u00f3 marcada entre V\u00e1zquez, Ebarl\u00edn y Chapur. All\u00ed, fue el pilarense quien consigui\u00f3 la ventaja para festejar su primera victoria en el&nbsp;<strong>Turismo Carretera<\/strong>. Adem\u00e1s, el cordob\u00e9s finaliz\u00f3 como escolta y el nacido en&nbsp;<strong>Benito Ju\u00e1rez<\/strong>&nbsp;culmin\u00f3 tercero.<\/p>\n\n\n\n<p>Luego concluyeron Aguirre, Santero, Todino,&nbsp;<strong>Mat\u00edas Canapino<\/strong>,&nbsp;<strong>Juan Bautista De Benedictis<\/strong>, Trucco y Agrelo.<\/p>\n\n\n\n<p>Con este resultado, Santero mantuvo el liderato en el campeonato con&nbsp;<strong>251,5 puntos<\/strong>. En tanto,&nbsp;<strong>Agrelo<\/strong>&nbsp;y&nbsp;<strong>Lambiris<\/strong>&nbsp;son sus perseguidores con&nbsp;<strong>233<\/strong>&nbsp;y&nbsp;<strong>216 unidades<\/strong>, respectivamente.<\/p>\n","protected":false},"excerpt":{"rendered":"<p>A bordo del Dodge Challenger, Mart\u00edn V\u00e1zquez consigui\u00f3 su primera victoria dentro de la categor\u00eda en la novena jornada de la campa\u00f1a 2025. El piloto&nbsp;Mart\u00edn V\u00e1zquez, a bordo del&nbsp;Dodge Challenger,&hellip; <\/p>\n","protected":false},"author":4,"featured_media":221604,"comment_status":"closed","ping_status":"open","sticky":false,"template":"","format":"standard","meta":{"footnotes":""},"categories":[4],"tags":[],"class_list":["post-221603","post","type-post","status-publish","format-standard","has-post-thumbnail","hentry","category-deportes"],"_links":{"self":[{"href":"https:\/\/corrientesdetarde.com\/index.php\/wp-json\/wp\/v2\/posts\/221603","targetHints":{"allow":["GET"]}}],"collection":[{"href":"https:\/\/corrientesdetarde.com\/index.php\/wp-json\/wp\/v2\/posts"}],"about":[{"href":"https:\/\/corrientesdetarde.com\/index.php\/wp-json\/wp\/v2\/types\/post"}],"author":[{"embeddable":true,"href":"https:\/\/corrientesdetarde.com\/index.php\/wp-json\/wp\/v2\/users\/4"}],"replies":[{"embeddable":true,"href":"https:\/\/corrientesdetarde.com\/index.php\/wp-json\/wp\/v2\/comments?post=221603"}],"version-history":[{"count":1,"href":"https:\/\/corrientesdetarde.com\/index.php\/wp-json\/wp\/v2\/posts\/221603\/revisions"}],"predecessor-version":[{"id":221605,"href":"https:\/\/corrientesdetarde.com\/index.php\/wp-json\/wp\/v2\/posts\/221603\/revisions\/221605"}],"wp:featuredmedia":[{"embeddable":true,"href":"https:\/\/corrientesdetarde.com\/index.php\/wp-json\/wp\/v2\/media\/221604"}],"wp:attachment":[{"href":"https:\/\/corrientesdetarde.com\/index.php\/wp-json\/wp\/v2\/media?parent=221603"}],"wp:term":[{"taxonomy":"category","embeddable":true,"href":"https:\/\/corrientesdetarde.com\/index.php\/wp-json\/wp\/v2\/categories?post=221603"},{"taxonomy":"post_tag","embeddable":true,"href":"https:\/\/corrientesdetarde.com\/index.php\/wp-json\/wp\/v2\/tags?post=221603"}],"curies":[{"name":"wp","href":"https:\/\/api.w.org\/{rel}","templated":true}]}}