{"id":221606,"date":"2025-08-10T20:48:58","date_gmt":"2025-08-10T23:48:58","guid":{"rendered":"https:\/\/corrientesdetarde.com\/?p=221606"},"modified":"2025-08-10T20:49:09","modified_gmt":"2025-08-10T23:49:09","slug":"la-inesperada-visita-de-los-all-blacks-a-la-bombonera-para-el-clasico-entre-boca-y-racing","status":"publish","type":"post","link":"https:\/\/corrientesdetarde.com\/index.php\/deportes\/la-inesperada-visita-de-los-all-blacks-a-la-bombonera-para-el-clasico-entre-boca-y-racing\/","title":{"rendered":"La inesperada visita de los All Blacks a La Bombonera para el cl\u00e1sico entre Boca y Racing"},"content":{"rendered":"\n<h2 class=\"wp-block-heading\">La selecci\u00f3n de Nueva Zelanda de Rugby dijo presente en Brandsen 805 para presenciar el empate 1-1 entre el Xeneize y la Academia. \u201cLocura de atm\u00f3sfera\u201d.<\/h2>\n\n\n\n<p>Los&nbsp;<strong>\u201cAll Blacks\u201d<\/strong>, la selecci\u00f3n de rugby de&nbsp;<strong>Nueva Zelanda<\/strong>, se encuentra en el pa\u00eds para disputar el&nbsp;<strong>Rugby Championship<\/strong>&nbsp;frente a&nbsp;<strong>Los Pumas<\/strong>&nbsp;y decidieron visitar&nbsp;<strong>La Bombonera<\/strong>&nbsp;en el empate entre&nbsp;<strong>Boca<\/strong>&nbsp;y&nbsp;<strong>Racing<\/strong>&nbsp;por la cuarta fecha del&nbsp;<strong>Torneo Clausura 2025<\/strong>.<\/p>\n\n\n\n<p>Mientras los oce\u00e1nicos aguardan por el duelo que tendr\u00e1 lugar el&nbsp;<strong>s\u00e1bado 16 de agosto<\/strong>&nbsp;desde las&nbsp;<strong>18:10<\/strong>&nbsp;en el estadio&nbsp;<strong>Mario Alberto Kempes<\/strong>&nbsp;de la Ciudad de C\u00f3rdoba, varios jugadores dijeron presente en una de las plateas de&nbsp;<strong>Brandsen 805<\/strong>&nbsp;y compartieron sus experiencias en redes sociales.<\/p>\n\n\n\n<figure class=\"wp-block-image size-full\"><img loading=\"lazy\" decoding=\"async\" width=\"625\" height=\"378\" src=\"https:\/\/corrientesdetarde.com\/wp-content\/uploads\/2025\/08\/image-352.png\" alt=\"\" class=\"wp-image-221607\" srcset=\"https:\/\/corrientesdetarde.com\/wp-content\/uploads\/2025\/08\/image-352.png 625w, https:\/\/corrientesdetarde.com\/wp-content\/uploads\/2025\/08\/image-352-300x181.png 300w\" sizes=\"auto, (max-width: 625px) 100vw, 625px\" \/><\/figure>\n\n\n\n<p>El primero fue el&nbsp;<strong>\u201cfullback\u201d<\/strong>,&nbsp;<strong>Rieko Ioane<\/strong>, quien poste\u00f3 una foto del recinto con la frase \u201clocura de atmosfera\u201d. Adem\u00e1s, el pilar&nbsp;<strong>Ethan de Groot<\/strong>&nbsp;public\u00f3 un video donde se lo ve disfrutando del ambiente, con el aliento de los hinchas xeneizes de fondo.<\/p>\n\n\n\n<p>Otros de los rugbiers que mostraron su simpat\u00eda con la atm\u00f3sfera en el estadio fueron&nbsp;<strong>Du\u2019Plessis Kirifi<\/strong>,&nbsp;<strong>Fletcher Newell<\/strong>,&nbsp;<strong>Damian McKenzie<\/strong>,&nbsp;<strong>Ollie Norris<\/strong>,&nbsp;<strong>Brodie McAlister<\/strong>&nbsp;y&nbsp;<strong>Sevu Reece<\/strong>.<\/p>\n\n\n\n<figure class=\"wp-block-image size-full\"><img loading=\"lazy\" decoding=\"async\" width=\"623\" height=\"376\" src=\"https:\/\/corrientesdetarde.com\/wp-content\/uploads\/2025\/08\/image-353.png\" alt=\"\" class=\"wp-image-221608\" srcset=\"https:\/\/corrientesdetarde.com\/wp-content\/uploads\/2025\/08\/image-353.png 623w, https:\/\/corrientesdetarde.com\/wp-content\/uploads\/2025\/08\/image-353-300x181.png 300w\" sizes=\"auto, (max-width: 623px) 100vw, 623px\" \/><\/figure>\n\n\n\n<p>Con el&nbsp;<strong>Rugby Championship 2025<\/strong>&nbsp;a la vuelta de la esquina, certamen que re\u00fane a las mejores selecciones del deporte del hemisferio sur,&nbsp;<strong>Los Pumas<\/strong>&nbsp;tendr\u00e1n su estreno frente a los neozelandeses el pr\u00f3ximo&nbsp;<strong>s\u00e1bado<\/strong>, en lo que marcar\u00e1 el debut de ambos en el torneo, mientras que&nbsp;<strong>Sud\u00e1frica<\/strong>&nbsp;jugar\u00e1 contra&nbsp;<strong>Australia<\/strong>.<\/p>\n\n\n\n<p>A su vez,&nbsp;<strong>Argentina<\/strong>&nbsp;se medir\u00e1 ante el mismo rival en el segundo encuentro, pero el evento cambiar\u00e1 de destino. El mismo se llevar\u00e1 a cabo en el&nbsp;<strong>Jos\u00e9 Amalfitani<\/strong>&nbsp;de la Ciudad de Buenos Aires, el&nbsp;<strong>s\u00e1bado 23 de agosto<\/strong>&nbsp;a partir de las&nbsp;<strong>18:10<\/strong>.<\/p>\n","protected":false},"excerpt":{"rendered":"<p>La selecci\u00f3n de Nueva Zelanda de Rugby dijo presente en Brandsen 805 para presenciar el empate 1-1 entre el Xeneize y la Academia. \u201cLocura de atm\u00f3sfera\u201d. Los&nbsp;\u201cAll Blacks\u201d, la selecci\u00f3n&hellip; <\/p>\n","protected":false},"author":4,"featured_media":221609,"comment_status":"closed","ping_status":"open","sticky":false,"template":"","format":"standard","meta":{"footnotes":""},"categories":[4],"tags":[],"class_list":["post-221606","post","type-post","status-publish","format-standard","has-post-thumbnail","hentry","category-deportes"],"_links":{"self":[{"href":"https:\/\/corrientesdetarde.com\/index.php\/wp-json\/wp\/v2\/posts\/221606","targetHints":{"allow":["GET"]}}],"collection":[{"href":"https:\/\/corrientesdetarde.com\/index.php\/wp-json\/wp\/v2\/posts"}],"about":[{"href":"https:\/\/corrientesdetarde.com\/index.php\/wp-json\/wp\/v2\/types\/post"}],"author":[{"embeddable":true,"href":"https:\/\/corrientesdetarde.com\/index.php\/wp-json\/wp\/v2\/users\/4"}],"replies":[{"embeddable":true,"href":"https:\/\/corrientesdetarde.com\/index.php\/wp-json\/wp\/v2\/comments?post=221606"}],"version-history":[{"count":1,"href":"https:\/\/corrientesdetarde.com\/index.php\/wp-json\/wp\/v2\/posts\/221606\/revisions"}],"predecessor-version":[{"id":221610,"href":"https:\/\/corrientesdetarde.com\/index.php\/wp-json\/wp\/v2\/posts\/221606\/revisions\/221610"}],"wp:featuredmedia":[{"embeddable":true,"href":"https:\/\/corrientesdetarde.com\/index.php\/wp-json\/wp\/v2\/media\/221609"}],"wp:attachment":[{"href":"https:\/\/corrientesdetarde.com\/index.php\/wp-json\/wp\/v2\/media?parent=221606"}],"wp:term":[{"taxonomy":"category","embeddable":true,"href":"https:\/\/corrientesdetarde.com\/index.php\/wp-json\/wp\/v2\/categories?post=221606"},{"taxonomy":"post_tag","embeddable":true,"href":"https:\/\/corrientesdetarde.com\/index.php\/wp-json\/wp\/v2\/tags?post=221606"}],"curies":[{"name":"wp","href":"https:\/\/api.w.org\/{rel}","templated":true}]}}