{"id":221612,"date":"2025-08-11T09:38:47","date_gmt":"2025-08-11T12:38:47","guid":{"rendered":"https:\/\/corrientesdetarde.com\/?p=221612"},"modified":"2025-08-11T09:38:51","modified_gmt":"2025-08-11T12:38:51","slug":"murio-el-precandidato-presidencial-miguel-uribe-turbay-victima-de-un-atentado","status":"publish","type":"post","link":"https:\/\/corrientesdetarde.com\/index.php\/destacados\/murio-el-precandidato-presidencial-miguel-uribe-turbay-victima-de-un-atentado\/","title":{"rendered":"Muri\u00f3 el precandidato presidencial Miguel Uribe Turbay, v\u00edctima de un atentado"},"content":{"rendered":"\n<p>El pa\u00eds amaneci\u00f3 hoy con la noticia del fallecimiento de Miguel Uribe Turbay, senador de la Rep\u00fablica y precandidato presidencial, quien muri\u00f3 en la madrugada de este lunes en la Fundaci\u00f3n Santa Fe de Bogot\u00e1 tras complicaciones derivadas del atentado que sufri\u00f3 el pasado 7 de junio durante un acto pol\u00edtico en la capital.<\/p>\n\n\n\n<p>Uribe Turbay, de 38 a\u00f1os, permaneci\u00f3 durante m\u00e1s de dos meses en estado cr\u00edtico luego de recibir varios impactos de bala, uno de ellos en la cabeza, mientras saludaba a simpatizantes en un evento de campa\u00f1a. Desde entonces, su evoluci\u00f3n present\u00f3 breves momentos de mejor\u00eda, que incluso permitieron el inicio de una fase de neurorehabilitaci\u00f3n, pero su salud se deterior\u00f3 nuevamente en los \u00faltimos d\u00edas debido a una hemorragia en el sistema nervioso central.<\/p>\n\n\n\n<p>Ahora puede seguirnos en Facebook y en nuestro WhatsApp Channel<\/p>\n\n\n\n<p>La muerte del congresista fue confirmada minutos antes de que su esposa, Mar\u00eda Claudia Tarazona, compartiera un emotivo mensaje en redes sociales. En \u00e9l, public\u00f3 una foto junto a su esposo y dedic\u00f3 unas palabras que resonaron entre sus seguidores:<\/p>\n\n\n\n<p>\u201cSiempre ser\u00e1s el amor de mi vida. Gracias por una vida llena de amor, gracias por ser un pap\u00e1 para las ni\u00f1as, el mejor pap\u00e1 para Alejandro. Pido a Dios me muestre el camino para aprender a vivir sin ti. Nuestro amor trasciende este plano f\u00edsico. Esp\u00e9rame, que cuando cumpla mi promesa con nuestros hijos, ir\u00e9 a buscarte y tendremos nuestra segunda oportunidad. Descansa en paz amor de mi vida, yo cuidar\u00e9 a nuestros hijos\u201d.<\/p>\n\n\n\n<p>El ataque contra Uribe Turbay ocurri\u00f3 el s\u00e1bado 7 de junio de 2025 en el barrio Modelia, occidente de Bogot\u00e1. El senador participaba en un evento de campa\u00f1a y se dirig\u00eda a la multitud cuando un adolescente, camuflado entre los asistentes, le dispar\u00f3 a muy corta distancia. El congresista recibi\u00f3 tres impactos de bala: uno en la pierna y dos en la cabeza. El atentado se produjo mientras hablaba sobre la importancia de la salud mental.<\/p>\n\n\n\n<p>Los presentes actuaron de inmediato. Uribe Turbay fue trasladado primero a la Cl\u00ednica Medicentro y, ante la gravedad de las heridas, remitido a la Fundaci\u00f3n Santa Fe para su atenci\u00f3n de emergencia.<\/p>\n\n\n\n<p>Reacciones y rechazo a la violencia pol\u00edtica<br>El asesinato de Uribe Turbay gener\u00f3 respuestas de rechazo en todo el pa\u00eds y reaviv\u00f3 la indignaci\u00f3n contra la violencia pol\u00edtica. El domingo 15 de junio miles de personas marcharon en distintas ciudades como Cartagena, en silencio, para pedir justicia y manifestar su repudio.<\/p>\n\n\n\n<p>La senadora Mar\u00eda Fernanda Cabal expres\u00f3: \u201cCon profundo dolor recibo la noticia del fallecimiento de nuestro compa\u00f1ero y precandidato Miguel Uribe, tras dos meses de valiente lucha por su vida. Mi coraz\u00f3n y mis oraciones est\u00e1n con su familia y seres queridos. Que Dios les conceda fortaleza en este momento de inmensa tristeza. Colombia pierde hoy a un hombre \u00edntegro, con todas las capacidades y el compromiso para ayudar a construir un mejor pa\u00eds\u201d.<\/p>\n\n\n\n<p>La senadora Mar\u00eda Fernanda Cabal<\/p>\n\n\n\n<p>La senadora Mar\u00eda Fernanda Cabal expres\u00f3 dolor por la muerte del senador. &#8211; cr\u00e9dito X @MariaFdaCabal<br>El expresidente \u00c1lvaro Uribe V\u00e9lez lament\u00f3 la tragedia: \u201cEl mal todo lo destruye, mataron la esperanza. Que la lucha de Miguel sea luz que ilumine el camino correcto de Colombia\u201d.<\/p>\n\n\n\n<p>Miguel Uribe Turbay naci\u00f3 en Bogot\u00e1 el 28 de enero de 1986, en el seno de una familia con larga trayectoria pol\u00edtica. Su abuelo materno fue el expresidente Julio C\u00e9sar Turbay y su abuelo paterno, Rodrigo Uribe Echavarr\u00eda, dirigi\u00f3 el Partido Liberal. A los cinco a\u00f1os perdi\u00f3 a su madre, la periodista Diana Turbay, durante una fallida operaci\u00f3n de rescate tras su secuestro ordenado por Pablo Escobar.<\/p>\n\n\n\n<p>Se form\u00f3 en el colegio Los Nogales y estudi\u00f3 Derecho en la Universidad de los Andes, cursando despu\u00e9s una maestr\u00eda en Pol\u00edticas P\u00fablicas. A los 25 a\u00f1os fue elegido concejal de Bogot\u00e1, luego ocup\u00f3 la Secretar\u00eda de Gobierno en la alcald\u00eda de Enrique Pe\u00f1alosa. En las elecciones de 2022 fue el senador m\u00e1s votado del pa\u00eds por el Centro Democr\u00e1tico.<\/p>\n\n\n\n<p>Miguel Uribe Turbay deja a su esposa, Mar\u00eda Claudia Tarazona, y a su hijo, Alejandro. Su vida y su carrera quedaron interrumpidas por un acto de violencia, en un hecho que ha vuelto a poner en discusi\u00f3n la seguridad de los l\u00edderes pol\u00edticos en Colombia y la persistencia de la violencia como amenaza a la democracia.<\/p>\n\n\n\n<p>Durante m\u00e1s de dos meses, el equipo m\u00e9dico mantuvo a Uribe Turbay bajo estrictos cuidados en la Unidad de Cuidados Intensivos. Los cirujanos realizaron varias intervenciones, ante el da\u00f1o causado por los disparos, en especial los dos que impactaron el cr\u00e1neo. Incluso, en las \u00faltimas semanas, los m\u00e9dicos hab\u00edan comenzado el proceso de retirar la sedaci\u00f3n.<\/p>\n\n\n\n<p>La situaci\u00f3n se agrav\u00f3 durante el fin de semana del 9 de agosto, cuando sufri\u00f3 una fuerte hemorragia intracraneal. \u201cEn las \u00faltimas 48 horas su estado cl\u00ednico revirti\u00f3 a una condici\u00f3n cr\u00edtica debido a un episodio de hemorragia en el sistema nervioso central. Esta condici\u00f3n requiri\u00f3 nuevos procedimientos neuroquir\u00fargicos de urgencia que han logrado estabilizarlo\u201d, report\u00f3 en su momento la Fundaci\u00f3n Santa Fe. El lunes 11 de agosto su fallecimiento fue informado oficialmente.<\/p>\n\n\n\n<p>Autoridades: investigaci\u00f3n y detenciones<\/p>\n\n\n\n<p>Las autoridades actuaron con rapidez. El presunto autor material, un joven de 15 a\u00f1os, fue detenido minutos despu\u00e9s de los disparos. En videos viralizados se observ\u00f3 al adolescente, quien reconoci\u00f3 haber disparado \u201cpor plata\u201d y \u201cpor su familia\u201d. Adem\u00e1s, la Fiscal\u00eda vincul\u00f3 a otros cinco adultos, sospechosos de participar como coautores y encubridores. Entre ellos fue capturado Elder Jos\u00e9 Arteaga Hern\u00e1ndez, alias \u2018el Coste\u00f1o\u2019, se\u00f1alado como supuesto coordinador del crimen.<\/p>\n","protected":false},"excerpt":{"rendered":"<p>El pa\u00eds amaneci\u00f3 hoy con la noticia del fallecimiento de Miguel Uribe Turbay, senador de la Rep\u00fablica y precandidato presidencial, quien muri\u00f3 en la madrugada de este lunes en la&hellip; <\/p>\n","protected":false},"author":1,"featured_media":221615,"comment_status":"closed","ping_status":"open","sticky":false,"template":"","format":"standard","meta":{"footnotes":""},"categories":[26],"tags":[],"class_list":["post-221612","post","type-post","status-publish","format-standard","has-post-thumbnail","hentry","category-destacados"],"_links":{"self":[{"href":"https:\/\/corrientesdetarde.com\/index.php\/wp-json\/wp\/v2\/posts\/221612","targetHints":{"allow":["GET"]}}],"collection":[{"href":"https:\/\/corrientesdetarde.com\/index.php\/wp-json\/wp\/v2\/posts"}],"about":[{"href":"https:\/\/corrientesdetarde.com\/index.php\/wp-json\/wp\/v2\/types\/post"}],"author":[{"embeddable":true,"href":"https:\/\/corrientesdetarde.com\/index.php\/wp-json\/wp\/v2\/users\/1"}],"replies":[{"embeddable":true,"href":"https:\/\/corrientesdetarde.com\/index.php\/wp-json\/wp\/v2\/comments?post=221612"}],"version-history":[{"count":1,"href":"https:\/\/corrientesdetarde.com\/index.php\/wp-json\/wp\/v2\/posts\/221612\/revisions"}],"predecessor-version":[{"id":221616,"href":"https:\/\/corrientesdetarde.com\/index.php\/wp-json\/wp\/v2\/posts\/221612\/revisions\/221616"}],"wp:featuredmedia":[{"embeddable":true,"href":"https:\/\/corrientesdetarde.com\/index.php\/wp-json\/wp\/v2\/media\/221615"}],"wp:attachment":[{"href":"https:\/\/corrientesdetarde.com\/index.php\/wp-json\/wp\/v2\/media?parent=221612"}],"wp:term":[{"taxonomy":"category","embeddable":true,"href":"https:\/\/corrientesdetarde.com\/index.php\/wp-json\/wp\/v2\/categories?post=221612"},{"taxonomy":"post_tag","embeddable":true,"href":"https:\/\/corrientesdetarde.com\/index.php\/wp-json\/wp\/v2\/tags?post=221612"}],"curies":[{"name":"wp","href":"https:\/\/api.w.org\/{rel}","templated":true}]}}