{"id":221613,"date":"2025-08-11T09:37:05","date_gmt":"2025-08-11T12:37:05","guid":{"rendered":"https:\/\/corrientesdetarde.com\/?p=221613"},"modified":"2025-08-11T09:37:26","modified_gmt":"2025-08-11T12:37:26","slug":"el-gobernador-valdes-desplegara-una-intensa-agenda-en-ituzaingo-este-lunes","status":"publish","type":"post","link":"https:\/\/corrientesdetarde.com\/index.php\/informacion-general\/el-gobernador-valdes-desplegara-una-intensa-agenda-en-ituzaingo-este-lunes\/","title":{"rendered":"El gobernador Vald\u00e9s desplegar\u00e1 una intensa agenda en Ituzaing\u00f3 este lunes"},"content":{"rendered":"\n<p>La jornada comenzar\u00e1 a las 16, con la entrega de viviendas construidas por el Instituto de Vivienda de Corrientes (INVICO) en el barrio Don Tom\u00e1s.<\/p>\n\n\n\n<p>Posteriormente, a las 17, Vald\u00e9s encabezar\u00e1 la inauguraci\u00f3n de la nueva Unidad de Terapia Intensiva del Hospital &#8220;Dr. Ricardo Billinghurst&#8221;, ubicado en la intersecci\u00f3n de las calles Apip\u00e9 y Posadas.<\/p>\n\n\n\n<p>A las 18:30, se llevar\u00e1 a cabo la habilitaci\u00f3n de 27 cuadras de pavimento y la iluminaci\u00f3n de la calle Posadas, en el cruce con Bolivia.<\/p>\n\n\n\n<p>Minutos despu\u00e9s, a las 19:15, el mandatario provincial inaugurar\u00e1 28 cuadras de iluminaci\u00f3n del Paseo Lineal, en Apip\u00e9 y 9 de Julio.<ins><\/ins><\/p>\n\n\n\n<p>Finalmente, a las 19:30, el gobernador participar\u00e1 de la puesta en valor del Auditorio del Centro Cultural, en calle Corrientes 1715. La jornada concluir\u00e1 con la velada art\u00edstica &#8220;Hermanos del Vera&#8221;, un espect\u00e1culo que pondr\u00e1 el broche cultural a la jornada.<\/p>\n","protected":false},"excerpt":{"rendered":"<p>La jornada comenzar\u00e1 a las 16, con la entrega de viviendas construidas por el Instituto de Vivienda de Corrientes (INVICO) en el barrio Don Tom\u00e1s. Posteriormente, a las 17, Vald\u00e9s&hellip; <\/p>\n","protected":false},"author":1,"featured_media":178007,"comment_status":"closed","ping_status":"open","sticky":false,"template":"","format":"standard","meta":{"footnotes":""},"categories":[1],"tags":[],"class_list":["post-221613","post","type-post","status-publish","format-standard","has-post-thumbnail","hentry","category-informacion-general"],"_links":{"self":[{"href":"https:\/\/corrientesdetarde.com\/index.php\/wp-json\/wp\/v2\/posts\/221613","targetHints":{"allow":["GET"]}}],"collection":[{"href":"https:\/\/corrientesdetarde.com\/index.php\/wp-json\/wp\/v2\/posts"}],"about":[{"href":"https:\/\/corrientesdetarde.com\/index.php\/wp-json\/wp\/v2\/types\/post"}],"author":[{"embeddable":true,"href":"https:\/\/corrientesdetarde.com\/index.php\/wp-json\/wp\/v2\/users\/1"}],"replies":[{"embeddable":true,"href":"https:\/\/corrientesdetarde.com\/index.php\/wp-json\/wp\/v2\/comments?post=221613"}],"version-history":[{"count":1,"href":"https:\/\/corrientesdetarde.com\/index.php\/wp-json\/wp\/v2\/posts\/221613\/revisions"}],"predecessor-version":[{"id":221614,"href":"https:\/\/corrientesdetarde.com\/index.php\/wp-json\/wp\/v2\/posts\/221613\/revisions\/221614"}],"wp:featuredmedia":[{"embeddable":true,"href":"https:\/\/corrientesdetarde.com\/index.php\/wp-json\/wp\/v2\/media\/178007"}],"wp:attachment":[{"href":"https:\/\/corrientesdetarde.com\/index.php\/wp-json\/wp\/v2\/media?parent=221613"}],"wp:term":[{"taxonomy":"category","embeddable":true,"href":"https:\/\/corrientesdetarde.com\/index.php\/wp-json\/wp\/v2\/categories?post=221613"},{"taxonomy":"post_tag","embeddable":true,"href":"https:\/\/corrientesdetarde.com\/index.php\/wp-json\/wp\/v2\/tags?post=221613"}],"curies":[{"name":"wp","href":"https:\/\/api.w.org\/{rel}","templated":true}]}}